{"id":206960,"date":"2021-02-18T09:20:23","date_gmt":"2021-02-18T12:20:23","guid":{"rendered":"https:\/\/www.caririemacao.com\/1\/?p=206960"},"modified":"2021-02-18T09:20:25","modified_gmt":"2021-02-18T12:20:25","slug":"a-secretaria-municipal-de-saude-de-sao-jose-dos-cordeiros-atualiza-seu-boletim-epidemiologico-2","status":"publish","type":"post","link":"https:\/\/www.caririemacao.com\/1\/2021\/02\/18\/a-secretaria-municipal-de-saude-de-sao-jose-dos-cordeiros-atualiza-seu-boletim-epidemiologico-2\/","title":{"rendered":"A Secretaria Municipal de Sa\u00fade de S\u00e3o Jos\u00e9 dos Cordeiros atualiza seu Boletim Epidemiol\u00f3gico."},"content":{"rendered":"\n<p class=\"wp-block-paragraph\">Informamos que hoje foram realizados 02 testes em pacientes em investiga\u00e7\u00e3o, totalizando 02 resultados negativos. Os pacientes em investiga\u00e7\u00e3o, encontram se em quarentena, nos seus domic\u00edlios e est\u00e3o sendo monitorados pela equipe de sa\u00fade, no momento estamos com 01 casos positivos ativos no munic\u00edpio.<\/p>\n\n\n\n<p class=\"wp-block-paragraph\"><br>\u00c9 importante frisar que precisamos manter as orienta\u00e7\u00f5es da OMS acerca do distanciamento social, evitar situa\u00e7\u00f5es que hajam aglomera\u00e7\u00f5es, uso de m\u00e1scara e \u00e1lcool em gel s\u00e3o essenciais para mantermos o a prolifera\u00e7\u00e3o do<br>v\u00edrus estacionada.<\/p>\n\n\n\n<p class=\"wp-block-paragraph\"><br> Aos primeiros sintomas gripais, procure uma Unidade sa\u00fade para maiores orienta\u00e7\u00f5es.<br>Juntos venceremos a COVID-19!<\/p>\n","protected":false},"excerpt":{"rendered":"<p>Informamos que hoje foram realizados 02 testes em pacientes em investiga\u00e7\u00e3o, totalizando 02 resultados negativos. Os pacientes em investiga\u00e7\u00e3o, encontram se em quarentena, nos seus domic\u00edlios e est\u00e3o sendo monitorados pela equipe de sa\u00fade, no momento estamos com 01 casos positivos ativos no munic\u00edpio. \u00c9 importante frisar que precisamos manter as orienta\u00e7\u00f5es da OMS acerca do distanciamento social, evitar situa\u00e7\u00f5es que hajam aglomera\u00e7\u00f5es, uso de m\u00e1scara e \u00e1lcool em gel s\u00e3o essenciais para mantermos o a prolifera\u00e7\u00e3o dov\u00edrus estacionada. Aos primeiros sintomas gripais, procure uma Unidade sa\u00fade para maiores orienta\u00e7\u00f5es.Juntos venceremos a COVID-19!<\/p>\n","protected":false},"author":6,"featured_media":206961,"comment_status":"closed","ping_status":"closed","sticky":false,"template":"","format":"standard","meta":{"sfsi_plus_gutenberg_text_before_share":"","sfsi_plus_gutenberg_show_text_before_share":"","sfsi_plus_gutenberg_icon_type":"","sfsi_plus_gutenberg_icon_alignemt":"","sfsi_plus_gutenburg_max_per_row":"","footnotes":""},"categories":[91],"tags":[],"class_list":["post-206960","post","type-post","status-publish","format-standard","has-post-thumbnail","hentry","category-sao-jose-dos-cordeiros"],"_links":{"self":[{"href":"https:\/\/www.caririemacao.com\/1\/wp-json\/wp\/v2\/posts\/206960","targetHints":{"allow":["GET"]}}],"collection":[{"href":"https:\/\/www.caririemacao.com\/1\/wp-json\/wp\/v2\/posts"}],"about":[{"href":"https:\/\/www.caririemacao.com\/1\/wp-json\/wp\/v2\/types\/post"}],"author":[{"embeddable":true,"href":"https:\/\/www.caririemacao.com\/1\/wp-json\/wp\/v2\/users\/6"}],"replies":[{"embeddable":true,"href":"https:\/\/www.caririemacao.com\/1\/wp-json\/wp\/v2\/comments?post=206960"}],"version-history":[{"count":1,"href":"https:\/\/www.caririemacao.com\/1\/wp-json\/wp\/v2\/posts\/206960\/revisions"}],"predecessor-version":[{"id":206962,"href":"https:\/\/www.caririemacao.com\/1\/wp-json\/wp\/v2\/posts\/206960\/revisions\/206962"}],"wp:featuredmedia":[{"embeddable":true,"href":"https:\/\/www.caririemacao.com\/1\/wp-json\/wp\/v2\/media\/206961"}],"wp:attachment":[{"href":"https:\/\/www.caririemacao.com\/1\/wp-json\/wp\/v2\/media?parent=206960"}],"wp:term":[{"taxonomy":"category","embeddable":true,"href":"https:\/\/www.caririemacao.com\/1\/wp-json\/wp\/v2\/categories?post=206960"},{"taxonomy":"post_tag","embeddable":true,"href":"https:\/\/www.caririemacao.com\/1\/wp-json\/wp\/v2\/tags?post=206960"}],"curies":[{"name":"wp","href":"https:\/\/api.w.org\/{rel}","templated":true}]}}