{"id":207148,"date":"2021-02-19T18:15:00","date_gmt":"2021-02-19T21:15:00","guid":{"rendered":"https:\/\/www.caririemacao.com\/1\/?p=207148"},"modified":"2021-02-19T18:15:02","modified_gmt":"2021-02-19T21:15:02","slug":"governo-federal-libera-agua-da-transposicao-na-paraiba-e-rio-paraiba-voltara-a-ser-perenizado","status":"publish","type":"post","link":"https:\/\/www.caririemacao.com\/1\/2021\/02\/19\/governo-federal-libera-agua-da-transposicao-na-paraiba-e-rio-paraiba-voltara-a-ser-perenizado\/","title":{"rendered":"Governo Federal libera \u00e1gua da Transposi\u00e7\u00e3o na Para\u00edba e Rio Para\u00edba voltar\u00e1 a ser perenizado"},"content":{"rendered":"\n<p class=\"wp-block-paragraph\">Ap\u00f3s solicita\u00e7\u00e3o feita pelo Governo da Para\u00edba, o Minist\u00e9rio do Desenvolvimento Regional (MDR) informou que vai liberar a passagem de \u00e1gua do Eixo Leste do Projeto de Integra\u00e7\u00e3o do Rio S\u00e3o Francisco para o Rio Para\u00edba, no munic\u00edpio de Monteiro \u2013 Cariri paraibano, nesta sexta-feira (19). De acordo com informa\u00e7\u00f5es apuradas pelo ClickPB, o pedido foi feito no dia 12 de fevereiro pela Secretaria da Infraestrutura, dos Recursos H\u00eddricos e do Meio Ambiente (Seirhma).<\/p>\n\n\n\n<p class=\"wp-block-paragraph\">A&nbsp;libera\u00e7\u00e3o da \u00e1gua ocorre pela necessidade de perenizar o Rio Para\u00edba entre Monteiro e a Barragem Boqueir\u00e3o, viabilizando a capta\u00e7\u00e3o de \u00e1gua para consumo humano nesse trecho, e tamb\u00e9m para dar continuidade aos testes de comissionamento no lote 1 do Canal Acau\u00e3\/Ara\u00e7agi. A Barragem Acau\u00e3 est\u00e1 com 13,78% de sua capacidade, o que \u00e9 insuficiente para a realiza\u00e7\u00e3o dos testes, de acordo com informa\u00e7\u00f5es repassadas pelo MDR a partir da solicita\u00e7\u00e3o do Governo do Estado.<\/p>\n\n\n\n<p class=\"wp-block-paragraph\">O MDR alega que, por conta das chuvas abundantes na Para\u00edba em 2020, o bombeamento do Projeto S\u00e3o Francisco na regi\u00e3o havia sido interrompido no segundo trimestre, e com isso os reservat\u00f3rios apresentavam seguran\u00e7a h\u00eddrica. O Eixo Leste est\u00e1 com 97,13%&nbsp;de execu\u00e7\u00e3o e prop\u00f5e beneficiar 57 munic\u00edpios, sendo 21 em Pernambuco e 36 na Para\u00edba. Esse&nbsp;Eixo pretende beneficiar 5,5 milh\u00f5es de pessoas na Para\u00edba e em Pernambuco.<\/p>\n\n\n\n<p class=\"wp-block-paragraph\"><strong>Lista dos&nbsp;munic\u00edpios que podem ser beneficiados com a libera\u00e7\u00e3o de \u00e1gua a partir de Monteiro (PB):&nbsp;<\/strong><\/p>\n\n\n\n<p class=\"wp-block-paragraph\">Alagoa Nova<\/p>\n\n\n\n<p class=\"wp-block-paragraph\">Alcantil<\/p>\n\n\n\n<p class=\"wp-block-paragraph\">Amparo<\/p>\n\n\n\n<p class=\"wp-block-paragraph\">Barra de Santana<\/p>\n\n\n\n<p class=\"wp-block-paragraph\">Boa Vista<\/p>\n\n\n\n<p class=\"wp-block-paragraph\">Boqueir\u00e3o<\/p>\n\n\n\n<p class=\"wp-block-paragraph\">Cabaceiras<\/p>\n\n\n\n<p class=\"wp-block-paragraph\">Camala\u00fa<\/p>\n\n\n\n<p class=\"wp-block-paragraph\">Campina Grande<\/p>\n\n\n\n<p class=\"wp-block-paragraph\">Caturit\u00e9<\/p>\n\n\n\n<p class=\"wp-block-paragraph\">Congo<\/p>\n\n\n\n<p class=\"wp-block-paragraph\">Coxixola<\/p>\n\n\n\n<p class=\"wp-block-paragraph\">Cubati<\/p>\n\n\n\n<p class=\"wp-block-paragraph\">Gurj\u00e3o<\/p>\n\n\n\n<p class=\"wp-block-paragraph\">Juazeirinho<\/p>\n\n\n\n<p class=\"wp-block-paragraph\">Lagoa Seca<\/p>\n\n\n\n<p class=\"wp-block-paragraph\">Livramento<\/p>\n\n\n\n<p class=\"wp-block-paragraph\">Matinhas<\/p>\n\n\n\n<p class=\"wp-block-paragraph\">Olivedos<\/p>\n\n\n\n<p class=\"wp-block-paragraph\">Ouro Velho<\/p>\n\n\n\n<p class=\"wp-block-paragraph\">Parari<\/p>\n\n\n\n<p class=\"wp-block-paragraph\">Pedra Lavrada<\/p>\n\n\n\n<p class=\"wp-block-paragraph\">Pocinhos<\/p>\n\n\n\n<p class=\"wp-block-paragraph\">Prata<\/p>\n\n\n\n<p class=\"wp-block-paragraph\">Queimadas<\/p>\n\n\n\n<p class=\"wp-block-paragraph\">Riacho de Santo Ant\u00f4nio<\/p>\n\n\n\n<p class=\"wp-block-paragraph\">Santo Andr\u00e9<\/p>\n\n\n\n<p class=\"wp-block-paragraph\">S\u00e3o Jo\u00e3o do Cariri<\/p>\n\n\n\n<p class=\"wp-block-paragraph\">S\u00e3o Jos\u00e9 dos Cordeiros<\/p>\n\n\n\n<p class=\"wp-block-paragraph\">S\u00e3o Sebasti\u00e3o de Lagoa de Ro\u00e7a<\/p>\n\n\n\n<p class=\"wp-block-paragraph\">Serid\u00f3<\/p>\n\n\n\n<p class=\"wp-block-paragraph\">Serra Branca<\/p>\n\n\n\n<p class=\"wp-block-paragraph\">Soledade<\/p>\n\n\n\n<p class=\"wp-block-paragraph\">Soss\u00eago<\/p>\n\n\n\n<p class=\"wp-block-paragraph\">Sum\u00e9<\/p>\n","protected":false},"excerpt":{"rendered":"<p>Ap\u00f3s solicita\u00e7\u00e3o feita pelo Governo da Para\u00edba, o Minist\u00e9rio do Desenvolvimento Regional (MDR) informou que vai liberar a passagem de \u00e1gua do Eixo Leste do Projeto de Integra\u00e7\u00e3o do Rio S\u00e3o Francisco para o Rio Para\u00edba, no munic\u00edpio de Monteiro \u2013 Cariri paraibano, nesta sexta-feira (19). De acordo com informa\u00e7\u00f5es apuradas pelo ClickPB, o pedido foi feito no dia 12 de fevereiro pela Secretaria da Infraestrutura, dos Recursos H\u00eddricos e do Meio Ambiente (Seirhma). A&nbsp;libera\u00e7\u00e3o da \u00e1gua ocorre pela necessidade de perenizar o Rio Para\u00edba entre Monteiro e a Barragem Boqueir\u00e3o, viabilizando a capta\u00e7\u00e3o de \u00e1gua para consumo humano nesse trecho, e tamb\u00e9m para dar continuidade aos testes de comissionamento no lote 1 do Canal Acau\u00e3\/Ara\u00e7agi. A Barragem Acau\u00e3 est\u00e1 com 13,78% de sua capacidade, o que \u00e9 insuficiente para a realiza\u00e7\u00e3o dos testes, de acordo com informa\u00e7\u00f5es repassadas pelo MDR a partir da solicita\u00e7\u00e3o do Governo do Estado. O MDR alega que, por conta das chuvas abundantes na Para\u00edba em 2020, o bombeamento do Projeto S\u00e3o Francisco na regi\u00e3o havia sido interrompido no segundo trimestre, e com isso os reservat\u00f3rios apresentavam seguran\u00e7a h\u00eddrica. O Eixo Leste est\u00e1 com 97,13%&nbsp;de execu\u00e7\u00e3o e prop\u00f5e beneficiar 57 munic\u00edpios, sendo 21 em Pernambuco e 36 na Para\u00edba. Esse&nbsp;Eixo pretende beneficiar 5,5 milh\u00f5es de pessoas na Para\u00edba e em Pernambuco. Lista dos&nbsp;munic\u00edpios que podem ser beneficiados com a libera\u00e7\u00e3o de \u00e1gua a partir de Monteiro (PB):&nbsp; Alagoa Nova Alcantil Amparo Barra de Santana Boa Vista Boqueir\u00e3o Cabaceiras Camala\u00fa Campina Grande Caturit\u00e9 Congo Coxixola Cubati Gurj\u00e3o Juazeirinho Lagoa Seca Livramento Matinhas Olivedos Ouro Velho Parari Pedra Lavrada Pocinhos Prata Queimadas Riacho de Santo Ant\u00f4nio Santo Andr\u00e9 S\u00e3o Jo\u00e3o do Cariri S\u00e3o Jos\u00e9 dos Cordeiros S\u00e3o Sebasti\u00e3o de Lagoa de Ro\u00e7a Serid\u00f3 Serra Branca Soledade Soss\u00eago Sum\u00e9<\/p>\n","protected":false},"author":6,"featured_media":207151,"comment_status":"closed","ping_status":"closed","sticky":false,"template":"","format":"standard","meta":{"sfsi_plus_gutenberg_text_before_share":"","sfsi_plus_gutenberg_show_text_before_share":"","sfsi_plus_gutenberg_icon_type":"","sfsi_plus_gutenberg_icon_alignemt":"","sfsi_plus_gutenburg_max_per_row":"","footnotes":""},"categories":[50],"tags":[],"class_list":["post-207148","post","type-post","status-publish","format-standard","has-post-thumbnail","hentry","category-destaque"],"_links":{"self":[{"href":"https:\/\/www.caririemacao.com\/1\/wp-json\/wp\/v2\/posts\/207148","targetHints":{"allow":["GET"]}}],"collection":[{"href":"https:\/\/www.caririemacao.com\/1\/wp-json\/wp\/v2\/posts"}],"about":[{"href":"https:\/\/www.caririemacao.com\/1\/wp-json\/wp\/v2\/types\/post"}],"author":[{"embeddable":true,"href":"https:\/\/www.caririemacao.com\/1\/wp-json\/wp\/v2\/users\/6"}],"replies":[{"embeddable":true,"href":"https:\/\/www.caririemacao.com\/1\/wp-json\/wp\/v2\/comments?post=207148"}],"version-history":[{"count":1,"href":"https:\/\/www.caririemacao.com\/1\/wp-json\/wp\/v2\/posts\/207148\/revisions"}],"predecessor-version":[{"id":207152,"href":"https:\/\/www.caririemacao.com\/1\/wp-json\/wp\/v2\/posts\/207148\/revisions\/207152"}],"wp:featuredmedia":[{"embeddable":true,"href":"https:\/\/www.caririemacao.com\/1\/wp-json\/wp\/v2\/media\/207151"}],"wp:attachment":[{"href":"https:\/\/www.caririemacao.com\/1\/wp-json\/wp\/v2\/media?parent=207148"}],"wp:term":[{"taxonomy":"category","embeddable":true,"href":"https:\/\/www.caririemacao.com\/1\/wp-json\/wp\/v2\/categories?post=207148"},{"taxonomy":"post_tag","embeddable":true,"href":"https:\/\/www.caririemacao.com\/1\/wp-json\/wp\/v2\/tags?post=207148"}],"curies":[{"name":"wp","href":"https:\/\/api.w.org\/{rel}","templated":true}]}}