{"id":208343,"date":"2021-03-01T11:33:13","date_gmt":"2021-03-01T14:33:13","guid":{"rendered":"https:\/\/www.caririemacao.com\/1\/?p=208343"},"modified":"2021-03-01T11:33:15","modified_gmt":"2021-03-01T14:33:15","slug":"bolsonaro-acerta-com-lira-e-pacheco-votacao-de-pec-emergencial-nesta-semana","status":"publish","type":"post","link":"https:\/\/www.caririemacao.com\/1\/2021\/03\/01\/bolsonaro-acerta-com-lira-e-pacheco-votacao-de-pec-emergencial-nesta-semana\/","title":{"rendered":"Bolsonaro acerta com Lira e Pacheco vota\u00e7\u00e3o de PEC emergencial nesta semana"},"content":{"rendered":"\n<p class=\"wp-block-paragraph\">O presidentes da Rep\u00fablica, Jair Bolsonaro (sem partido), da C\u00e2mara, Arthur Lira (PP-AL), e do Senado, Rodrigo Pacheco (DEM-MG), reuniram-se na noite deste domingo (28), no Pal\u00e1cio da Alvorada, para acertar a vota\u00e7\u00e3o da PEC Emergencial para esta semana.<\/p>\n\n\n\n<p class=\"wp-block-paragraph\">O governo considera fundamental a aprova\u00e7\u00e3o da proposta de emenda \u00e0 Constitui\u00e7\u00e3o antes de encaminhar ao Congresso a medida provis\u00f3ria com valor e prazo para uma nova rodada de aux\u00edlio emergencial. Esta PEC prev\u00ea o acionamento de medidas em caso de crise nas contas p\u00fablicas.<\/p>\n\n\n\n<p class=\"wp-block-paragraph\">O texto seria votado na semana passada, mas houve um impasse diante da proposta de extin\u00e7\u00e3o dos m\u00ednimos constitucionais para sa\u00fade e educa\u00e7\u00e3o. Sob o risco de atrasar a vota\u00e7\u00e3o em mais duas semanas, foi feito um recuo sobre o fim do piso para as duas \u00e1reas.<\/p>\n\n\n\n<p class=\"wp-block-paragraph\">Na reuni\u00e3o desta noite, que teve tamb\u00e9m a participa\u00e7\u00e3o dos ministros Eduardo Pazuello (Sa\u00fade), Paulo Guedes (Economia), Walter Braga Netto (Casa Civil) e Luiz Eduardo Ramos (Secretaria de Governo), a vota\u00e7\u00e3o ficou acertada para ter\u00e7a (2) e quarta-feira (3) no Senado.<\/p>\n\n\n\n<p class=\"wp-block-paragraph\">Com a vota\u00e7\u00e3o da PEC Emergencial, o governo deve mandar ao Legislativo uma medida provis\u00f3ria com o valor das novas parcelas do aux\u00edlio emergencial.<\/p>\n\n\n\n<p class=\"wp-block-paragraph\">Em sua live de quinta-feira passada (25), Bolsonaro anunciou que o governo deve fechar a proposta em quatro parcelas de R$ 250 a partir deste m\u00eas.<\/p>\n\n\n\n<p class=\"wp-block-paragraph\">Pacheco disse \u00e0 Folha, por\u00e9m, que o valor ainda n\u00e3o est\u00e1 fechado e que ainda n\u00e3o foi marcada uma nova reuni\u00e3o para que se bata o martelo.<\/p>\n\n\n\n<p class=\"wp-block-paragraph\">&#8220;Isso n\u00e3o est\u00e1 definido, mas \u00e9 uma possibilidade que sejam as quatro de R$ 250. Mas tamb\u00e9m \u00e9 preciso discutir neste \u00ednterim de quatro meses o estabelecimento de um programa de renda m\u00ednima, de renda b\u00e1sica e cidad\u00e3&#8221;, afirmou o presidente do Senado.<\/p>\n\n\n\n<p class=\"wp-block-paragraph\">No encontro desta noite, foram discutidas tamb\u00e9m quest\u00f5es relativas \u00e0 vacina\u00e7\u00e3o contra Covid-19 e a abertura de novos leitos diante do recrudescimento da pandemia.<br>Por causa do agravamento da situa\u00e7\u00e3o, diversos governadores est\u00e3o endurecendo medidas restritivas em seus estados, o que tem sido alvo recorrente de cr\u00edticas de Bolsonaro.<\/p>\n\n\n\n<p class=\"wp-block-paragraph\">No s\u00e1bado (27), Arthur Lira utilizou as redes sociais para chamar os governadores para uma conversa virtual nesta semana para discutir quest\u00f5es relacionadas \u00e0 pandemia.<br>Na noite deste domingo, Bolsonaro limitou-se a publicar uma foto dos participantes da reuni\u00e3o \u2013 em que apenas Guedes, Lira e Pacheco aparecem de m\u00e1scara\u2013 e listou os participantes e os t\u00f3picos tratados.<\/p>\n\n\n\n<p class=\"wp-block-paragraph\">&#8220;Neste momento, a gente precisa muito de um alinhamento para poder fazer todos esses projetos, todos esses pontos andarem bem. O que a gente n\u00e3o pode ter \u00e9 desalinhamento neste momento&#8221;, disse Rodrigo Pacheco.<\/p>\n\n\n\n<p class=\"wp-block-paragraph\"><em>ClickPB<\/em><\/p>\n","protected":false},"excerpt":{"rendered":"<p>O presidentes da Rep\u00fablica, Jair Bolsonaro (sem partido), da C\u00e2mara, Arthur Lira (PP-AL), e do Senado, Rodrigo Pacheco (DEM-MG), reuniram-se na noite deste domingo (28), no Pal\u00e1cio da Alvorada, para acertar a vota\u00e7\u00e3o da PEC Emergencial para esta semana. O governo considera fundamental a aprova\u00e7\u00e3o da proposta de emenda \u00e0 Constitui\u00e7\u00e3o antes de encaminhar ao Congresso a medida provis\u00f3ria com valor e prazo para uma nova rodada de aux\u00edlio emergencial. Esta PEC prev\u00ea o acionamento de medidas em caso de crise nas contas p\u00fablicas. O texto seria votado na semana passada, mas houve um impasse diante da proposta de extin\u00e7\u00e3o dos m\u00ednimos constitucionais para sa\u00fade e educa\u00e7\u00e3o. Sob o risco de atrasar a vota\u00e7\u00e3o em mais duas semanas, foi feito um recuo sobre o fim do piso para as duas \u00e1reas. Na reuni\u00e3o desta noite, que teve tamb\u00e9m a participa\u00e7\u00e3o dos ministros Eduardo Pazuello (Sa\u00fade), Paulo Guedes (Economia), Walter Braga Netto (Casa Civil) e Luiz Eduardo Ramos (Secretaria de Governo), a vota\u00e7\u00e3o ficou acertada para ter\u00e7a (2) e quarta-feira (3) no Senado. Com a vota\u00e7\u00e3o da PEC Emergencial, o governo deve mandar ao Legislativo uma medida provis\u00f3ria com o valor das novas parcelas do aux\u00edlio emergencial. Em sua live de quinta-feira passada (25), Bolsonaro anunciou que o governo deve fechar a proposta em quatro parcelas de R$ 250 a partir deste m\u00eas. Pacheco disse \u00e0 Folha, por\u00e9m, que o valor ainda n\u00e3o est\u00e1 fechado e que ainda n\u00e3o foi marcada uma nova reuni\u00e3o para que se bata o martelo. &#8220;Isso n\u00e3o est\u00e1 definido, mas \u00e9 uma possibilidade que sejam as quatro de R$ 250. Mas tamb\u00e9m \u00e9 preciso discutir neste \u00ednterim de quatro meses o estabelecimento de um programa de renda m\u00ednima, de renda b\u00e1sica e cidad\u00e3&#8221;, afirmou o presidente do Senado. No encontro desta noite, foram discutidas tamb\u00e9m quest\u00f5es relativas \u00e0 vacina\u00e7\u00e3o contra Covid-19 e a abertura de novos leitos diante do recrudescimento da pandemia.Por causa do agravamento da situa\u00e7\u00e3o, diversos governadores est\u00e3o endurecendo medidas restritivas em seus estados, o que tem sido alvo recorrente de cr\u00edticas de Bolsonaro. No s\u00e1bado (27), Arthur Lira utilizou as redes sociais para chamar os governadores para uma conversa virtual nesta semana para discutir quest\u00f5es relacionadas \u00e0 pandemia.Na noite deste domingo, Bolsonaro limitou-se a publicar uma foto dos participantes da reuni\u00e3o \u2013 em que apenas Guedes, Lira e Pacheco aparecem de m\u00e1scara\u2013 e listou os participantes e os t\u00f3picos tratados. &#8220;Neste momento, a gente precisa muito de um alinhamento para poder fazer todos esses projetos, todos esses pontos andarem bem. O que a gente n\u00e3o pode ter \u00e9 desalinhamento neste momento&#8221;, disse Rodrigo Pacheco. ClickPB<\/p>\n","protected":false},"author":6,"featured_media":208344,"comment_status":"closed","ping_status":"closed","sticky":false,"template":"","format":"standard","meta":{"sfsi_plus_gutenberg_text_before_share":"","sfsi_plus_gutenberg_show_text_before_share":"","sfsi_plus_gutenberg_icon_type":"","sfsi_plus_gutenberg_icon_alignemt":"","sfsi_plus_gutenburg_max_per_row":"","footnotes":""},"categories":[50,98],"tags":[],"class_list":["post-208343","post","type-post","status-publish","format-standard","has-post-thumbnail","hentry","category-destaque","category-presidente"],"_links":{"self":[{"href":"https:\/\/www.caririemacao.com\/1\/wp-json\/wp\/v2\/posts\/208343","targetHints":{"allow":["GET"]}}],"collection":[{"href":"https:\/\/www.caririemacao.com\/1\/wp-json\/wp\/v2\/posts"}],"about":[{"href":"https:\/\/www.caririemacao.com\/1\/wp-json\/wp\/v2\/types\/post"}],"author":[{"embeddable":true,"href":"https:\/\/www.caririemacao.com\/1\/wp-json\/wp\/v2\/users\/6"}],"replies":[{"embeddable":true,"href":"https:\/\/www.caririemacao.com\/1\/wp-json\/wp\/v2\/comments?post=208343"}],"version-history":[{"count":1,"href":"https:\/\/www.caririemacao.com\/1\/wp-json\/wp\/v2\/posts\/208343\/revisions"}],"predecessor-version":[{"id":208345,"href":"https:\/\/www.caririemacao.com\/1\/wp-json\/wp\/v2\/posts\/208343\/revisions\/208345"}],"wp:featuredmedia":[{"embeddable":true,"href":"https:\/\/www.caririemacao.com\/1\/wp-json\/wp\/v2\/media\/208344"}],"wp:attachment":[{"href":"https:\/\/www.caririemacao.com\/1\/wp-json\/wp\/v2\/media?parent=208343"}],"wp:term":[{"taxonomy":"category","embeddable":true,"href":"https:\/\/www.caririemacao.com\/1\/wp-json\/wp\/v2\/categories?post=208343"},{"taxonomy":"post_tag","embeddable":true,"href":"https:\/\/www.caririemacao.com\/1\/wp-json\/wp\/v2\/tags?post=208343"}],"curies":[{"name":"wp","href":"https:\/\/api.w.org\/{rel}","templated":true}]}}