{"id":209041,"date":"2021-03-05T06:36:29","date_gmt":"2021-03-05T09:36:29","guid":{"rendered":"https:\/\/www.caririemacao.com\/1\/?p=209041"},"modified":"2021-03-05T06:36:31","modified_gmt":"2021-03-05T09:36:31","slug":"homem-e-preso-em-uberlandia-apos-incitar-morte-de-bolsonaro-no-twitter","status":"publish","type":"post","link":"https:\/\/www.caririemacao.com\/1\/2021\/03\/05\/homem-e-preso-em-uberlandia-apos-incitar-morte-de-bolsonaro-no-twitter\/","title":{"rendered":"Homem \u00e9 preso em Uberl\u00e2ndia ap\u00f3s incitar morte de Bolsonaro no Twitter"},"content":{"rendered":"\n<p class=\"wp-block-paragraph\">Um homem de 24 anos foi preso em Uberl\u00e2ndia, no Tri\u00e2ngulo Mineiro, apontado como autor de amea\u00e7a de morte, em rede social, contra o presidente Jair Bolsonaro (sem partido). A pris\u00e3o foi feita pela Pol\u00edcia Militar (PM) e o caso foi encaminhado \u00e0 Pol\u00edcia Federal (PF). Os policiais agora investigam outras tr\u00eas pessoas que teriam postado mensagens de cunho amea\u00e7ador.<\/p>\n\n\n\n<p class=\"wp-block-paragraph\">Bolsonaro teve uma r\u00e1pida passagem por Uberl\u00e2ndia na manh\u00e3 desta quinta-feira (4\/3), quando ouviu um pedido de ajuda do prefeito, Odelmo Le\u00e3o (PP). Por meio do Twitter, o homem identificado e preso havia dito na quarta (3\/3): &#8220;Gente, Bolsonaro em Udia amanh\u00e3&#8230; Algu\u00e9m fecha virar her\u00f3i nacional?&#8221;. Em mensagem posterior ele ainda afirmou: &#8220;Atualiza\u00e7\u00e3o: o (governador Romeu) Zema estar\u00e1 tamb\u00e9m. Olha a oportunidade a\u00ed, meus amigos&#8221;.<\/p>\n\n\n\n<p class=\"wp-block-paragraph\">Pelo menos outras tr\u00eas pessoas responderam com as seguintes mensagens: &#8220;S\u00f3 preciso da arma&#8221;; &#8220;Bolsonaro se vier a Uberl\u00e2ndia voltar\u00e1 pra casa num caix\u00e3o, n\u00e3o \u00e9 amea\u00e7a \u00e9 comunicado&#8221;; e &#8220;Bolsonaro em Uberl\u00e2ndia amanh\u00e3. N\u00e9 poss\u00edvel que n\u00e3o tem um sniper nessa cidade. Aqui produz tanto maluco, um l\u00facido e armado, seria demais? Nunca te pedi nada @deus&#8221;.<\/p>\n\n\n\n<p class=\"wp-block-paragraph\">De acordo com a PF, o servi\u00e7o de intelig\u00eancia da PM em Uberl\u00e2ndia identificou nas redes sociais as postagens &#8220;com propaganda e incita\u00e7\u00e3o a pr\u00e1tica de crimes contra a integridade f\u00edsica e a vida do presidente da Rep\u00fablica Jair Messias Bolsonaro, com promessas de que tais amea\u00e7as se concretizariam durante a sua passagem&#8221;. O homem, ent\u00e3o, foi detido no bairro Planalto, zona oeste de Uberl\u00e2ndia. Ele teve celular e documentos apreendidos.<\/p>\n\n\n\n<p class=\"wp-block-paragraph\">Em depoimento, o suspeito, cuja identidade n\u00e3o foi revelada pela PF, disse que fazia humor e que n\u00e3o tinha conota\u00e7\u00e3o de amea\u00e7a, al\u00e9m de n\u00e3o conhecer as pessoas que haviam respondido \u00e0 postagem. Ele ainda afirmou \u00e0 PF que a pris\u00e3o seria injusta pelo fato de ter feito uma piada e n\u00e3o uma amea\u00e7a concreta. Ele completou que n\u00e3o faz parte de qualquer movimento pol\u00edtico ou estudantil.<\/p>\n\n\n\n<p class=\"wp-block-paragraph\">A pris\u00e3o foi ratificada pela Pol\u00edcia Federal pelos crimes de processo violento ou ilegal para altera\u00e7\u00e3o da ordem pol\u00edtica ou social e subvers\u00e3o da ordem pol\u00edtica ou social. Se for condenado, o autor poder\u00e1 pegar uma pena de dois a oito anos de reclus\u00e3o.<\/p>\n\n\n\n<p class=\"wp-block-paragraph\"><em>ClickPB<\/em><\/p>\n","protected":false},"excerpt":{"rendered":"<p>Um homem de 24 anos foi preso em Uberl\u00e2ndia, no Tri\u00e2ngulo Mineiro, apontado como autor de amea\u00e7a de morte, em rede social, contra o presidente Jair Bolsonaro (sem partido). A pris\u00e3o foi feita pela Pol\u00edcia Militar (PM) e o caso foi encaminhado \u00e0 Pol\u00edcia Federal (PF). Os policiais agora investigam outras tr\u00eas pessoas que teriam postado mensagens de cunho amea\u00e7ador. Bolsonaro teve uma r\u00e1pida passagem por Uberl\u00e2ndia na manh\u00e3 desta quinta-feira (4\/3), quando ouviu um pedido de ajuda do prefeito, Odelmo Le\u00e3o (PP). Por meio do Twitter, o homem identificado e preso havia dito na quarta (3\/3): &#8220;Gente, Bolsonaro em Udia amanh\u00e3&#8230; Algu\u00e9m fecha virar her\u00f3i nacional?&#8221;. Em mensagem posterior ele ainda afirmou: &#8220;Atualiza\u00e7\u00e3o: o (governador Romeu) Zema estar\u00e1 tamb\u00e9m. Olha a oportunidade a\u00ed, meus amigos&#8221;. Pelo menos outras tr\u00eas pessoas responderam com as seguintes mensagens: &#8220;S\u00f3 preciso da arma&#8221;; &#8220;Bolsonaro se vier a Uberl\u00e2ndia voltar\u00e1 pra casa num caix\u00e3o, n\u00e3o \u00e9 amea\u00e7a \u00e9 comunicado&#8221;; e &#8220;Bolsonaro em Uberl\u00e2ndia amanh\u00e3. N\u00e9 poss\u00edvel que n\u00e3o tem um sniper nessa cidade. Aqui produz tanto maluco, um l\u00facido e armado, seria demais? Nunca te pedi nada @deus&#8221;. De acordo com a PF, o servi\u00e7o de intelig\u00eancia da PM em Uberl\u00e2ndia identificou nas redes sociais as postagens &#8220;com propaganda e incita\u00e7\u00e3o a pr\u00e1tica de crimes contra a integridade f\u00edsica e a vida do presidente da Rep\u00fablica Jair Messias Bolsonaro, com promessas de que tais amea\u00e7as se concretizariam durante a sua passagem&#8221;. O homem, ent\u00e3o, foi detido no bairro Planalto, zona oeste de Uberl\u00e2ndia. Ele teve celular e documentos apreendidos. Em depoimento, o suspeito, cuja identidade n\u00e3o foi revelada pela PF, disse que fazia humor e que n\u00e3o tinha conota\u00e7\u00e3o de amea\u00e7a, al\u00e9m de n\u00e3o conhecer as pessoas que haviam respondido \u00e0 postagem. Ele ainda afirmou \u00e0 PF que a pris\u00e3o seria injusta pelo fato de ter feito uma piada e n\u00e3o uma amea\u00e7a concreta. Ele completou que n\u00e3o faz parte de qualquer movimento pol\u00edtico ou estudantil. A pris\u00e3o foi ratificada pela Pol\u00edcia Federal pelos crimes de processo violento ou ilegal para altera\u00e7\u00e3o da ordem pol\u00edtica ou social e subvers\u00e3o da ordem pol\u00edtica ou social. Se for condenado, o autor poder\u00e1 pegar uma pena de dois a oito anos de reclus\u00e3o. ClickPB<\/p>\n","protected":false},"author":6,"featured_media":209042,"comment_status":"closed","ping_status":"closed","sticky":false,"template":"","format":"standard","meta":{"sfsi_plus_gutenberg_text_before_share":"","sfsi_plus_gutenberg_show_text_before_share":"","sfsi_plus_gutenberg_icon_type":"","sfsi_plus_gutenberg_icon_alignemt":"","sfsi_plus_gutenburg_max_per_row":"","footnotes":""},"categories":[2,98],"tags":[],"class_list":["post-209041","post","type-post","status-publish","format-standard","has-post-thumbnail","hentry","category-geral","category-presidente"],"_links":{"self":[{"href":"https:\/\/www.caririemacao.com\/1\/wp-json\/wp\/v2\/posts\/209041","targetHints":{"allow":["GET"]}}],"collection":[{"href":"https:\/\/www.caririemacao.com\/1\/wp-json\/wp\/v2\/posts"}],"about":[{"href":"https:\/\/www.caririemacao.com\/1\/wp-json\/wp\/v2\/types\/post"}],"author":[{"embeddable":true,"href":"https:\/\/www.caririemacao.com\/1\/wp-json\/wp\/v2\/users\/6"}],"replies":[{"embeddable":true,"href":"https:\/\/www.caririemacao.com\/1\/wp-json\/wp\/v2\/comments?post=209041"}],"version-history":[{"count":1,"href":"https:\/\/www.caririemacao.com\/1\/wp-json\/wp\/v2\/posts\/209041\/revisions"}],"predecessor-version":[{"id":209043,"href":"https:\/\/www.caririemacao.com\/1\/wp-json\/wp\/v2\/posts\/209041\/revisions\/209043"}],"wp:featuredmedia":[{"embeddable":true,"href":"https:\/\/www.caririemacao.com\/1\/wp-json\/wp\/v2\/media\/209042"}],"wp:attachment":[{"href":"https:\/\/www.caririemacao.com\/1\/wp-json\/wp\/v2\/media?parent=209041"}],"wp:term":[{"taxonomy":"category","embeddable":true,"href":"https:\/\/www.caririemacao.com\/1\/wp-json\/wp\/v2\/categories?post=209041"},{"taxonomy":"post_tag","embeddable":true,"href":"https:\/\/www.caririemacao.com\/1\/wp-json\/wp\/v2\/tags?post=209041"}],"curies":[{"name":"wp","href":"https:\/\/api.w.org\/{rel}","templated":true}]}}