{"id":209697,"date":"2021-03-10T11:26:45","date_gmt":"2021-03-10T14:26:45","guid":{"rendered":"https:\/\/www.caririemacao.com\/1\/?p=209697"},"modified":"2021-03-10T11:26:46","modified_gmt":"2021-03-10T14:26:46","slug":"no-supremo-ha-consenso-de-que-fim-da-lava-jato-comecou-com-entrada-de-moro-no-governo-bolsonaro","status":"publish","type":"post","link":"https:\/\/www.caririemacao.com\/1\/2021\/03\/10\/no-supremo-ha-consenso-de-que-fim-da-lava-jato-comecou-com-entrada-de-moro-no-governo-bolsonaro\/","title":{"rendered":"No Supremo, h\u00e1 consenso de que fim da Lava Jato come\u00e7ou com entrada de Moro no governo Bolsonaro"},"content":{"rendered":"\n<p class=\"wp-block-paragraph\">No\u00a0Supremo Tribunal Federal (STF), h\u00e1 um consenso entre os ministros de que a\u00a0opera\u00e7\u00e3o Lava Jato\u00a0come\u00e7ou a escrever o seu final quando o ent\u00e3o juiz federal\u00a0S\u00e9rgio Moro\u00a0decidiu ocupar o Minist\u00e9rio da Justi\u00e7a no governo\u00a0Jair Bolsonaro.<\/p>\n\n\n\n<p class=\"wp-block-paragraph\">\u201cCertamente, a decis\u00e3o de Moro de entrar no governo Bolsonaro foi o maior erro da Lava Jato\u201d, observou um integrante do tribunal.<\/p>\n\n\n\n<p class=\"wp-block-paragraph\">At\u00e9 mesmo para quem simpatiza com a Lava Jato no STF, a avalia\u00e7\u00e3o \u00e9 a de que Moro fragilizou em definitivo a opera\u00e7\u00e3o que investigou o maior esc\u00e2ndalo de corrup\u00e7\u00e3o no pa\u00eds ao deixar a magistratura para ocupar um cargo pol\u00edtico. E que, portanto, o\u00a0julgamento de sua suspei\u00e7\u00e3o no caso Lula\u00a0\u00e9 uma consequ\u00eancia dessa decis\u00e3o.<\/p>\n\n\n\n<p class=\"wp-block-paragraph\">Os ministros reconhecem que a divulga\u00e7\u00e3o das mensagens entre Moro e procuradores, que foram alvos de um\u00a0ataque hacker, acabou intensificando o desgaste da Lava Jato, pois criou um ambiente na Corte de que houve excessos na opera\u00e7\u00e3o.<\/p>\n\n\n\n<p class=\"wp-block-paragraph\">Na sequ\u00eancia, o\u00a0pr\u00f3prio desgaste de Moro no governo Bolsonaro\u00a0tamb\u00e9m pesou na avalia\u00e7\u00e3o de ministros do STF. O ex-juiz n\u00e3o conseguiu influir nem na escolha do Procurador Geral da Rep\u00fablica, nem na primeira vaga aberta no STF e teve que sair com acusa\u00e7\u00f5es de interfer\u00eancia pol\u00edtica de Bolsonaro na Pol\u00edcia Federal.<\/p>\n","protected":false},"excerpt":{"rendered":"<p>No\u00a0Supremo Tribunal Federal (STF), h\u00e1 um consenso entre os ministros de que a\u00a0opera\u00e7\u00e3o Lava Jato\u00a0come\u00e7ou a escrever o seu final quando o ent\u00e3o juiz federal\u00a0S\u00e9rgio Moro\u00a0decidiu ocupar o Minist\u00e9rio da Justi\u00e7a no governo\u00a0Jair Bolsonaro. \u201cCertamente, a decis\u00e3o de Moro de entrar no governo Bolsonaro foi o maior erro da Lava Jato\u201d, observou um integrante do tribunal. At\u00e9 mesmo para quem simpatiza com a Lava Jato no STF, a avalia\u00e7\u00e3o \u00e9 a de que Moro fragilizou em definitivo a opera\u00e7\u00e3o que investigou o maior esc\u00e2ndalo de corrup\u00e7\u00e3o no pa\u00eds ao deixar a magistratura para ocupar um cargo pol\u00edtico. E que, portanto, o\u00a0julgamento de sua suspei\u00e7\u00e3o no caso Lula\u00a0\u00e9 uma consequ\u00eancia dessa decis\u00e3o. Os ministros reconhecem que a divulga\u00e7\u00e3o das mensagens entre Moro e procuradores, que foram alvos de um\u00a0ataque hacker, acabou intensificando o desgaste da Lava Jato, pois criou um ambiente na Corte de que houve excessos na opera\u00e7\u00e3o. Na sequ\u00eancia, o\u00a0pr\u00f3prio desgaste de Moro no governo Bolsonaro\u00a0tamb\u00e9m pesou na avalia\u00e7\u00e3o de ministros do STF. O ex-juiz n\u00e3o conseguiu influir nem na escolha do Procurador Geral da Rep\u00fablica, nem na primeira vaga aberta no STF e teve que sair com acusa\u00e7\u00f5es de interfer\u00eancia pol\u00edtica de Bolsonaro na Pol\u00edcia Federal.<\/p>\n","protected":false},"author":6,"featured_media":102746,"comment_status":"closed","ping_status":"closed","sticky":false,"template":"","format":"standard","meta":{"sfsi_plus_gutenberg_text_before_share":"","sfsi_plus_gutenberg_show_text_before_share":"","sfsi_plus_gutenberg_icon_type":"","sfsi_plus_gutenberg_icon_alignemt":"","sfsi_plus_gutenburg_max_per_row":"","footnotes":""},"categories":[1],"tags":[],"class_list":["post-209697","post","type-post","status-publish","format-standard","has-post-thumbnail","hentry","category-o-site"],"_links":{"self":[{"href":"https:\/\/www.caririemacao.com\/1\/wp-json\/wp\/v2\/posts\/209697","targetHints":{"allow":["GET"]}}],"collection":[{"href":"https:\/\/www.caririemacao.com\/1\/wp-json\/wp\/v2\/posts"}],"about":[{"href":"https:\/\/www.caririemacao.com\/1\/wp-json\/wp\/v2\/types\/post"}],"author":[{"embeddable":true,"href":"https:\/\/www.caririemacao.com\/1\/wp-json\/wp\/v2\/users\/6"}],"replies":[{"embeddable":true,"href":"https:\/\/www.caririemacao.com\/1\/wp-json\/wp\/v2\/comments?post=209697"}],"version-history":[{"count":1,"href":"https:\/\/www.caririemacao.com\/1\/wp-json\/wp\/v2\/posts\/209697\/revisions"}],"predecessor-version":[{"id":209698,"href":"https:\/\/www.caririemacao.com\/1\/wp-json\/wp\/v2\/posts\/209697\/revisions\/209698"}],"wp:featuredmedia":[{"embeddable":true,"href":"https:\/\/www.caririemacao.com\/1\/wp-json\/wp\/v2\/media\/102746"}],"wp:attachment":[{"href":"https:\/\/www.caririemacao.com\/1\/wp-json\/wp\/v2\/media?parent=209697"}],"wp:term":[{"taxonomy":"category","embeddable":true,"href":"https:\/\/www.caririemacao.com\/1\/wp-json\/wp\/v2\/categories?post=209697"},{"taxonomy":"post_tag","embeddable":true,"href":"https:\/\/www.caririemacao.com\/1\/wp-json\/wp\/v2\/tags?post=209697"}],"curies":[{"name":"wp","href":"https:\/\/api.w.org\/{rel}","templated":true}]}}