{"id":210286,"date":"2021-03-15T10:46:11","date_gmt":"2021-03-15T13:46:11","guid":{"rendered":"https:\/\/www.caririemacao.com\/1\/?p=210286"},"modified":"2021-03-15T10:46:14","modified_gmt":"2021-03-15T13:46:14","slug":"padrasto-e-mae-de-menor-sao-levados-a-delegacia-de-sertania-por-negligencia","status":"publish","type":"post","link":"https:\/\/www.caririemacao.com\/1\/2021\/03\/15\/padrasto-e-mae-de-menor-sao-levados-a-delegacia-de-sertania-por-negligencia\/","title":{"rendered":"Padrasto e M\u00e3e de menor s\u00e3o levados a delegacia de Sert\u00e2nia por neglig\u00eancia"},"content":{"rendered":"\n<p class=\"wp-block-paragraph\">Por volta das 11h30 deste s\u00e1bado (13\/03\/2021), a GT 3211 juntamente com a ROCAM, realizava rondas e abordagens, quando foram acionados pelo Conselho Tutelar que informou que uma crian\u00e7a estava perdida nas imedia\u00e7\u00f5es do supermercado Esperan\u00e7a.<\/p>\n\n\n\n<p class=\"wp-block-paragraph\">Ap\u00f3s averigua\u00e7\u00e3o, o policiamento foi informado que a crian\u00e7a estava sob os cuidados do padrasto e que a m\u00e3e estaria fazendo compras, que a crian\u00e7a fugiu de casa no momento em que o padrasto estava cortando o cabelo, segundo ele \u00e9 de costume a crian\u00e7a sair de casa. A m\u00e3e tem v\u00e1rias passagens no Conselho Tutelar. Os envolvidos foram encaminhados \u00e0 DPC local, onde foi lavrado um TCO em desfavor do imputado.<\/p>\n\n\n\n<p class=\"wp-block-paragraph\">As informa\u00e7\u00f5es aqui divulgadas s\u00e3o do 3\u00ba Batalh\u00e3o da Pol\u00edcia MIlitar<\/p>\n","protected":false},"excerpt":{"rendered":"<p>Por volta das 11h30 deste s\u00e1bado (13\/03\/2021), a GT 3211 juntamente com a ROCAM, realizava rondas e abordagens, quando foram acionados pelo Conselho Tutelar que informou que uma crian\u00e7a estava perdida nas imedia\u00e7\u00f5es do supermercado Esperan\u00e7a. Ap\u00f3s averigua\u00e7\u00e3o, o policiamento foi informado que a crian\u00e7a estava sob os cuidados do padrasto e que a m\u00e3e estaria fazendo compras, que a crian\u00e7a fugiu de casa no momento em que o padrasto estava cortando o cabelo, segundo ele \u00e9 de costume a crian\u00e7a sair de casa. A m\u00e3e tem v\u00e1rias passagens no Conselho Tutelar. Os envolvidos foram encaminhados \u00e0 DPC local, onde foi lavrado um TCO em desfavor do imputado. As informa\u00e7\u00f5es aqui divulgadas s\u00e3o do 3\u00ba Batalh\u00e3o da Pol\u00edcia MIlitar<\/p>\n","protected":false},"author":6,"featured_media":209138,"comment_status":"closed","ping_status":"closed","sticky":false,"template":"","format":"standard","meta":{"sfsi_plus_gutenberg_text_before_share":"","sfsi_plus_gutenberg_show_text_before_share":"","sfsi_plus_gutenberg_icon_type":"","sfsi_plus_gutenberg_icon_alignemt":"","sfsi_plus_gutenburg_max_per_row":"","footnotes":""},"categories":[12,94],"tags":[],"class_list":["post-210286","post","type-post","status-publish","format-standard","has-post-thumbnail","hentry","category-policia","category-sertania"],"_links":{"self":[{"href":"https:\/\/www.caririemacao.com\/1\/wp-json\/wp\/v2\/posts\/210286","targetHints":{"allow":["GET"]}}],"collection":[{"href":"https:\/\/www.caririemacao.com\/1\/wp-json\/wp\/v2\/posts"}],"about":[{"href":"https:\/\/www.caririemacao.com\/1\/wp-json\/wp\/v2\/types\/post"}],"author":[{"embeddable":true,"href":"https:\/\/www.caririemacao.com\/1\/wp-json\/wp\/v2\/users\/6"}],"replies":[{"embeddable":true,"href":"https:\/\/www.caririemacao.com\/1\/wp-json\/wp\/v2\/comments?post=210286"}],"version-history":[{"count":1,"href":"https:\/\/www.caririemacao.com\/1\/wp-json\/wp\/v2\/posts\/210286\/revisions"}],"predecessor-version":[{"id":210384,"href":"https:\/\/www.caririemacao.com\/1\/wp-json\/wp\/v2\/posts\/210286\/revisions\/210384"}],"wp:featuredmedia":[{"embeddable":true,"href":"https:\/\/www.caririemacao.com\/1\/wp-json\/wp\/v2\/media\/209138"}],"wp:attachment":[{"href":"https:\/\/www.caririemacao.com\/1\/wp-json\/wp\/v2\/media?parent=210286"}],"wp:term":[{"taxonomy":"category","embeddable":true,"href":"https:\/\/www.caririemacao.com\/1\/wp-json\/wp\/v2\/categories?post=210286"},{"taxonomy":"post_tag","embeddable":true,"href":"https:\/\/www.caririemacao.com\/1\/wp-json\/wp\/v2\/tags?post=210286"}],"curies":[{"name":"wp","href":"https:\/\/api.w.org\/{rel}","templated":true}]}}