{"id":210373,"date":"2021-03-15T10:20:15","date_gmt":"2021-03-15T13:20:15","guid":{"rendered":"https:\/\/www.caririemacao.com\/1\/?p=210373"},"modified":"2021-03-15T10:20:17","modified_gmt":"2021-03-15T13:20:17","slug":"prefeitura-do-congo-abre-inscricoes-para-curso-gratuito-de-costura-voltado-para-mulheres","status":"publish","type":"post","link":"https:\/\/www.caririemacao.com\/1\/2021\/03\/15\/prefeitura-do-congo-abre-inscricoes-para-curso-gratuito-de-costura-voltado-para-mulheres\/","title":{"rendered":"Prefeitura do Congo abre inscri\u00e7\u00f5es para curso gratuito de costura voltado para mulheres"},"content":{"rendered":"\n<p class=\"wp-block-paragraph\">Nesta segunda-feira (15) foram abertas as inscri\u00e7\u00f5es para o curso de costura. O curso \u00e9 uma iniciativa oferecida pela Secretaria Municipal de Assist\u00eancia Social do Congo. Por conta do m\u00eas das mulheres essa primeira turma ser\u00e1 formada apenas por mulheres. <\/p>\n\n\n\n<p class=\"wp-block-paragraph\">Foram disponibilizadas 40 vagas. As mulheres interessadas em fazer o curso devem se inscrever de forma gratuita at\u00e9 o dia 19 de mar\u00e7o. Devem se dirigir at\u00e9 o CRAS, que fica localizado na rua Jos\u00e9 Lucas Irm\u00e3o, S\/N, levando RG, CPF e comprovante de resid\u00eancia. O curso \u00e9 para maiores de 18 anos. Ser\u00e3o duas turmas: uma pela manh\u00e3 e outra durante a tarde.<\/p>\n\n\n\n<p class=\"wp-block-paragraph\">\u201cO curso ser\u00e1 bem abrangente e dar\u00e1 oportunidade de qualifica\u00e7\u00e3o para que as alunas possam ingressar no mercado de trabalho mais qualificadas. Ap\u00f3s o curso e com os conhecimentos adquiridos, elas ter\u00e3o chances mais amplas de conquistar uma oportunidade de emprego\u201d, destacou Deda, secret\u00e1ria de Assist\u00eancia Social.<\/p>\n\n\n\n<p class=\"wp-block-paragraph\"><\/p>\n\n\n\n<p class=\"wp-block-paragraph\">Cariri Em A\u00e7\u00e3o com Secom<\/p>\n","protected":false},"excerpt":{"rendered":"<p>Nesta segunda-feira (15) foram abertas as inscri\u00e7\u00f5es para o curso de costura. O curso \u00e9 uma iniciativa oferecida pela Secretaria Municipal de Assist\u00eancia Social do Congo. Por conta do m\u00eas das mulheres essa primeira turma ser\u00e1 formada apenas por mulheres. Foram disponibilizadas 40 vagas. As mulheres interessadas em fazer o curso devem se inscrever de forma gratuita at\u00e9 o dia 19 de mar\u00e7o. Devem se dirigir at\u00e9 o CRAS, que fica localizado na rua Jos\u00e9 Lucas Irm\u00e3o, S\/N, levando RG, CPF e comprovante de resid\u00eancia. O curso \u00e9 para maiores de 18 anos. Ser\u00e3o duas turmas: uma pela manh\u00e3 e outra durante a tarde. \u201cO curso ser\u00e1 bem abrangente e dar\u00e1 oportunidade de qualifica\u00e7\u00e3o para que as alunas possam ingressar no mercado de trabalho mais qualificadas. Ap\u00f3s o curso e com os conhecimentos adquiridos, elas ter\u00e3o chances mais amplas de conquistar uma oportunidade de emprego\u201d, destacou Deda, secret\u00e1ria de Assist\u00eancia Social. Cariri Em A\u00e7\u00e3o com Secom<\/p>\n","protected":false},"author":6,"featured_media":210374,"comment_status":"closed","ping_status":"closed","sticky":false,"template":"","format":"standard","meta":{"sfsi_plus_gutenberg_text_before_share":"","sfsi_plus_gutenberg_show_text_before_share":"","sfsi_plus_gutenberg_icon_type":"","sfsi_plus_gutenberg_icon_alignemt":"","sfsi_plus_gutenburg_max_per_row":"","footnotes":""},"categories":[74],"tags":[],"class_list":["post-210373","post","type-post","status-publish","format-standard","has-post-thumbnail","hentry","category-congo"],"_links":{"self":[{"href":"https:\/\/www.caririemacao.com\/1\/wp-json\/wp\/v2\/posts\/210373","targetHints":{"allow":["GET"]}}],"collection":[{"href":"https:\/\/www.caririemacao.com\/1\/wp-json\/wp\/v2\/posts"}],"about":[{"href":"https:\/\/www.caririemacao.com\/1\/wp-json\/wp\/v2\/types\/post"}],"author":[{"embeddable":true,"href":"https:\/\/www.caririemacao.com\/1\/wp-json\/wp\/v2\/users\/6"}],"replies":[{"embeddable":true,"href":"https:\/\/www.caririemacao.com\/1\/wp-json\/wp\/v2\/comments?post=210373"}],"version-history":[{"count":1,"href":"https:\/\/www.caririemacao.com\/1\/wp-json\/wp\/v2\/posts\/210373\/revisions"}],"predecessor-version":[{"id":210375,"href":"https:\/\/www.caririemacao.com\/1\/wp-json\/wp\/v2\/posts\/210373\/revisions\/210375"}],"wp:featuredmedia":[{"embeddable":true,"href":"https:\/\/www.caririemacao.com\/1\/wp-json\/wp\/v2\/media\/210374"}],"wp:attachment":[{"href":"https:\/\/www.caririemacao.com\/1\/wp-json\/wp\/v2\/media?parent=210373"}],"wp:term":[{"taxonomy":"category","embeddable":true,"href":"https:\/\/www.caririemacao.com\/1\/wp-json\/wp\/v2\/categories?post=210373"},{"taxonomy":"post_tag","embeddable":true,"href":"https:\/\/www.caririemacao.com\/1\/wp-json\/wp\/v2\/tags?post=210373"}],"curies":[{"name":"wp","href":"https:\/\/api.w.org\/{rel}","templated":true}]}}