{"id":210385,"date":"2021-03-15T10:50:22","date_gmt":"2021-03-15T13:50:22","guid":{"rendered":"https:\/\/www.caririemacao.com\/1\/?p=210385"},"modified":"2021-03-15T10:50:24","modified_gmt":"2021-03-15T13:50:24","slug":"corpo-de-jovem-e-retirado-de-acude-em-juazeirinho","status":"publish","type":"post","link":"https:\/\/www.caririemacao.com\/1\/2021\/03\/15\/corpo-de-jovem-e-retirado-de-acude-em-juazeirinho\/","title":{"rendered":"Corpo de jovem \u00e9 retirado de a\u00e7ude em Juazeirinho"},"content":{"rendered":"\n<p class=\"wp-block-paragraph\">&nbsp;O corpo do jovem \u201cRiri\u201d, foi retirado de dentro do A\u00e7ude de Pedro Pascoal, nesta segunda-feira (15) pela manh\u00e3.<\/p>\n\n\n\n<p class=\"wp-block-paragraph\">O corpo est\u00e1 as margens do manancial aguardando a chegada do Gemol, para necropsia.<\/p>\n\n\n\n<p class=\"wp-block-paragraph\">\u201cRiri\u201d, que se afogou no in\u00edcio da noite deste domingo (15), residia no conjunto Pedro Pascoal, zona norte da cidade.<\/p>\n\n\n\n<p class=\"wp-block-paragraph\">Ele \u00e9 filho de Joca Pedreiro e, segundo apurou o helenolima.com, vinha apresentando ultimamente um quadro depressivo.<\/p>\n\n\n\n<div class=\"wp-block-image\"><figure class=\"aligncenter\"><img decoding=\"async\" src=\"https:\/\/www.helenolima.com\/wp-content\/uploads\/2021\/03\/IMG_20210314_203214_121-262x300.jpg\" alt=\"\" class=\"wp-image-19834\"\/><\/figure><\/div>\n\n\n\n<p class=\"wp-block-paragraph\"><em>Heleno Lima<\/em><\/p>\n","protected":false},"excerpt":{"rendered":"<p>&nbsp;O corpo do jovem \u201cRiri\u201d, foi retirado de dentro do A\u00e7ude de Pedro Pascoal, nesta segunda-feira (15) pela manh\u00e3. O corpo est\u00e1 as margens do manancial aguardando a chegada do Gemol, para necropsia. \u201cRiri\u201d, que se afogou no in\u00edcio da noite deste domingo (15), residia no conjunto Pedro Pascoal, zona norte da cidade. Ele \u00e9 filho de Joca Pedreiro e, segundo apurou o helenolima.com, vinha apresentando ultimamente um quadro depressivo. Heleno Lima<\/p>\n","protected":false},"author":6,"featured_media":210386,"comment_status":"closed","ping_status":"closed","sticky":false,"template":"","format":"standard","meta":{"sfsi_plus_gutenberg_text_before_share":"","sfsi_plus_gutenberg_show_text_before_share":"","sfsi_plus_gutenberg_icon_type":"","sfsi_plus_gutenberg_icon_alignemt":"","sfsi_plus_gutenburg_max_per_row":"","footnotes":""},"categories":[120],"tags":[],"class_list":["post-210385","post","type-post","status-publish","format-standard","has-post-thumbnail","hentry","category-juazeirinho"],"_links":{"self":[{"href":"https:\/\/www.caririemacao.com\/1\/wp-json\/wp\/v2\/posts\/210385","targetHints":{"allow":["GET"]}}],"collection":[{"href":"https:\/\/www.caririemacao.com\/1\/wp-json\/wp\/v2\/posts"}],"about":[{"href":"https:\/\/www.caririemacao.com\/1\/wp-json\/wp\/v2\/types\/post"}],"author":[{"embeddable":true,"href":"https:\/\/www.caririemacao.com\/1\/wp-json\/wp\/v2\/users\/6"}],"replies":[{"embeddable":true,"href":"https:\/\/www.caririemacao.com\/1\/wp-json\/wp\/v2\/comments?post=210385"}],"version-history":[{"count":1,"href":"https:\/\/www.caririemacao.com\/1\/wp-json\/wp\/v2\/posts\/210385\/revisions"}],"predecessor-version":[{"id":210387,"href":"https:\/\/www.caririemacao.com\/1\/wp-json\/wp\/v2\/posts\/210385\/revisions\/210387"}],"wp:featuredmedia":[{"embeddable":true,"href":"https:\/\/www.caririemacao.com\/1\/wp-json\/wp\/v2\/media\/210386"}],"wp:attachment":[{"href":"https:\/\/www.caririemacao.com\/1\/wp-json\/wp\/v2\/media?parent=210385"}],"wp:term":[{"taxonomy":"category","embeddable":true,"href":"https:\/\/www.caririemacao.com\/1\/wp-json\/wp\/v2\/categories?post=210385"},{"taxonomy":"post_tag","embeddable":true,"href":"https:\/\/www.caririemacao.com\/1\/wp-json\/wp\/v2\/tags?post=210385"}],"curies":[{"name":"wp","href":"https:\/\/api.w.org\/{rel}","templated":true}]}}