{"id":210565,"date":"2021-03-16T10:59:19","date_gmt":"2021-03-16T13:59:19","guid":{"rendered":"https:\/\/www.caririemacao.com\/1\/?p=210565"},"modified":"2021-03-16T10:59:22","modified_gmt":"2021-03-16T13:59:22","slug":"escolha-de-ministro-da-saude-indicado-por-flavio-gera-insatisfacao-na-base-aliada-de-bolsonaro","status":"publish","type":"post","link":"https:\/\/www.caririemacao.com\/1\/2021\/03\/16\/escolha-de-ministro-da-saude-indicado-por-flavio-gera-insatisfacao-na-base-aliada-de-bolsonaro\/","title":{"rendered":"Escolha de ministro da Sa\u00fade, indicado por Fl\u00e1vio, gera insatisfa\u00e7\u00e3o na base aliada de Bolsonaro"},"content":{"rendered":"\n<p class=\"wp-block-paragraph\">A escolha do cardiologista Marcelo Queiroga para o comando do Minist\u00e9rio da Sa\u00fade n\u00e3o foi bem recebida por integrantes da base aliada de Jair Bolsonaro (sem partido) na C\u00e2mara dos Deputados.<\/p>\n\n\n\n<p class=\"wp-block-paragraph\">As sugest\u00f5es feitas pelo bloco do centr\u00e3o foram ignoradas por Bolsonaro em detrimento da indica\u00e7\u00e3o de um nome do senador Fl\u00e1vio Bolsonaro (Republicanos-RJ), primog\u00eanito do presidente.<\/p>\n\n\n\n<p class=\"wp-block-paragraph\">Sob press\u00e3o do centr\u00e3o, Bolsonaro anunciou na segunda-feira (15) a sa\u00edda do general Eduardo Pazuello, enquanto partidos da base aliada apoiaram dois nomes para o lugar do militar, que \u00e9 investigado pelo STF (Supremo Tribunal Federal).<\/p>\n\n\n\n<p class=\"wp-block-paragraph\">O primeiro foi o deputado federal Luiz Antonio Teixeira (PP-RJ), conhecido pelo apelido de Dr. Luizinho. A indica\u00e7\u00e3o da c\u00fapula do PP, no entanto, foi refutada pelo presidente, que queria um nome t\u00e9cnico para o posto e que n\u00e3o tivesse vincula\u00e7\u00e3o pol\u00edtica.<\/p>\n\n\n\n<p class=\"wp-block-paragraph\">A alternativa encontrada foi a sugest\u00e3o do nome da cardiologista Ludhmilla Hajjar, que contou com a chancela p\u00fablica do presidente da C\u00e2mara dos Deputados, Arthur Lira (PP-AL). Nos encontros que tiveram, contudo, Bolsonaro e Ludhmilla se desentenderam, o que inviabilizou uma indica\u00e7\u00e3o.<\/p>\n\n\n\n<p class=\"wp-block-paragraph\">Com a recusa, deputados do centr\u00e3o ainda tentaram indicar outro nome, mas Bolsonaro se antecipou e escolheu Queiroga, indicado pelo seu filho mais velho. Segundo assessores palacianos, o novo ministro \u00e9 amigo da fam\u00edlia da mulher do senador.<\/p>\n\n\n\n<p class=\"wp-block-paragraph\">Prevendo um mal-estar com o bloco, Bolsonaro convidou, horas depois de ter escolhido Queiroga, o presidente nacional do PP, o senador Ciro Nogueira (PI), para um encontro no Pal\u00e1cio do Planalto.<\/p>\n\n\n\n<p class=\"wp-block-paragraph\">Na conversa, segundo assessores palacianos, o presidente comunicou a decis\u00e3o e explicou ao senador que optou por Queiroga pelo seu perfil t\u00e9cnico. Ele observou que foi uma escolha de car\u00e1ter pessoal.<\/p>\n\n\n\n<p class=\"wp-block-paragraph\">Ainda na noite da segunda-feira, no entanto, dirigentes do centr\u00e3o j\u00e1 reclamavam da escolha do presidente e ressaltavam que Bolsonaro deveria ter levado em conta o apoio do bloco no Congresso.<\/p>\n\n\n\n<p class=\"wp-block-paragraph\">&#8220;N\u00e3o adianta trocar o ministro se o presidente continuar sabotando a implementa\u00e7\u00e3o das pr\u00e1ticas de combate ao coronav\u00edrus que s\u00e3o adotadas pelo mundo inteiro&#8221;, afirmou \u00e0 Folha o deputado federal Fausto Pinato (PP-SP).<\/p>\n\n\n\n<p class=\"wp-block-paragraph\">A avalia\u00e7\u00e3o de dirigentes do centr\u00e3o \u00e9 a de que, diante da necessidade de aprova\u00e7\u00e3o das reformas administrativa e tribut\u00e1ria, era o momento de Bolsonaro acenar \u00e0 base aliada, e n\u00e3o fazer uma escolha de car\u00e1ter pessoal.<\/p>\n\n\n\n<p class=\"wp-block-paragraph\">Eles ressaltam que a abertura de mais espa\u00e7o para o grupo partid\u00e1rio na Esplanada dos Minist\u00e9rios tamb\u00e9m ajudaria a manter na base aliada o bloco do centr\u00e3o ap\u00f3s a decis\u00e3o que tornou o ex-presidente Luiz In\u00e1cio Lula da Silva eleg\u00edvel para 2022.<\/p>\n\n\n\n<p class=\"wp-block-paragraph\">Mesmo antes da vit\u00f3ria de Lira, em fevereiro, deputados do centr\u00e3o j\u00e1 tinham a expectativa de assumir a Sa\u00fade com a sa\u00edda de Pazuello. O nome favorito era o do l\u00edder do governo na C\u00e2mara, Ricardo Barros (PP-PR), alternativa que chegou a ser discutida na Casa Civil.<\/p>\n\n\n\n<p class=\"wp-block-paragraph\">O nome de Barros perdeu for\u00e7a com o passar do tempo. Deputados disseram que, quando Barros foi ministro da Sa\u00fade no governo Michel Temer (MDB), ele n\u00e3o ficou conhecido por atender demandas de parlamentares.<\/p>\n\n\n\n<p class=\"wp-block-paragraph\">A escolha de Queiroga gerou frustra\u00e7\u00e3o entre aliados de Lira, para os quais Bolsonaro n\u00e3o reconheceu o apoio que o deputado federal tem dado \u00e0 sua gest\u00e3o.<\/p>\n\n\n\n<p class=\"wp-block-paragraph\">Integrantes de partidos como PP e Republicanos viram na decis\u00e3o de Bolsonaro um recado ao centr\u00e3o: n\u00e3o adianta pressionar pela demiss\u00e3o de um ministro achando que tem garantida a indica\u00e7\u00e3o do sucessor.<\/p>\n\n\n\n<p class=\"wp-block-paragraph\">Como os dois nomes rejeitados por Bolsonaro tinham chancela de Lira, parlamentares tamb\u00e9m disseram que a escolha acaba enfraquecendo o presidente da C\u00e2mara.<\/p>\n\n\n\n<p class=\"wp-block-paragraph\"><em>ClickPB<\/em><\/p>\n","protected":false},"excerpt":{"rendered":"<p>A escolha do cardiologista Marcelo Queiroga para o comando do Minist\u00e9rio da Sa\u00fade n\u00e3o foi bem recebida por integrantes da base aliada de Jair Bolsonaro (sem partido) na C\u00e2mara dos Deputados. As sugest\u00f5es feitas pelo bloco do centr\u00e3o foram ignoradas por Bolsonaro em detrimento da indica\u00e7\u00e3o de um nome do senador Fl\u00e1vio Bolsonaro (Republicanos-RJ), primog\u00eanito do presidente. Sob press\u00e3o do centr\u00e3o, Bolsonaro anunciou na segunda-feira (15) a sa\u00edda do general Eduardo Pazuello, enquanto partidos da base aliada apoiaram dois nomes para o lugar do militar, que \u00e9 investigado pelo STF (Supremo Tribunal Federal). O primeiro foi o deputado federal Luiz Antonio Teixeira (PP-RJ), conhecido pelo apelido de Dr. Luizinho. A indica\u00e7\u00e3o da c\u00fapula do PP, no entanto, foi refutada pelo presidente, que queria um nome t\u00e9cnico para o posto e que n\u00e3o tivesse vincula\u00e7\u00e3o pol\u00edtica. A alternativa encontrada foi a sugest\u00e3o do nome da cardiologista Ludhmilla Hajjar, que contou com a chancela p\u00fablica do presidente da C\u00e2mara dos Deputados, Arthur Lira (PP-AL). Nos encontros que tiveram, contudo, Bolsonaro e Ludhmilla se desentenderam, o que inviabilizou uma indica\u00e7\u00e3o. Com a recusa, deputados do centr\u00e3o ainda tentaram indicar outro nome, mas Bolsonaro se antecipou e escolheu Queiroga, indicado pelo seu filho mais velho. Segundo assessores palacianos, o novo ministro \u00e9 amigo da fam\u00edlia da mulher do senador. Prevendo um mal-estar com o bloco, Bolsonaro convidou, horas depois de ter escolhido Queiroga, o presidente nacional do PP, o senador Ciro Nogueira (PI), para um encontro no Pal\u00e1cio do Planalto. Na conversa, segundo assessores palacianos, o presidente comunicou a decis\u00e3o e explicou ao senador que optou por Queiroga pelo seu perfil t\u00e9cnico. Ele observou que foi uma escolha de car\u00e1ter pessoal. Ainda na noite da segunda-feira, no entanto, dirigentes do centr\u00e3o j\u00e1 reclamavam da escolha do presidente e ressaltavam que Bolsonaro deveria ter levado em conta o apoio do bloco no Congresso. &#8220;N\u00e3o adianta trocar o ministro se o presidente continuar sabotando a implementa\u00e7\u00e3o das pr\u00e1ticas de combate ao coronav\u00edrus que s\u00e3o adotadas pelo mundo inteiro&#8221;, afirmou \u00e0 Folha o deputado federal Fausto Pinato (PP-SP). A avalia\u00e7\u00e3o de dirigentes do centr\u00e3o \u00e9 a de que, diante da necessidade de aprova\u00e7\u00e3o das reformas administrativa e tribut\u00e1ria, era o momento de Bolsonaro acenar \u00e0 base aliada, e n\u00e3o fazer uma escolha de car\u00e1ter pessoal. Eles ressaltam que a abertura de mais espa\u00e7o para o grupo partid\u00e1rio na Esplanada dos Minist\u00e9rios tamb\u00e9m ajudaria a manter na base aliada o bloco do centr\u00e3o ap\u00f3s a decis\u00e3o que tornou o ex-presidente Luiz In\u00e1cio Lula da Silva eleg\u00edvel para 2022. Mesmo antes da vit\u00f3ria de Lira, em fevereiro, deputados do centr\u00e3o j\u00e1 tinham a expectativa de assumir a Sa\u00fade com a sa\u00edda de Pazuello. O nome favorito era o do l\u00edder do governo na C\u00e2mara, Ricardo Barros (PP-PR), alternativa que chegou a ser discutida na Casa Civil. O nome de Barros perdeu for\u00e7a com o passar do tempo. Deputados disseram que, quando Barros foi ministro da Sa\u00fade no governo Michel Temer (MDB), ele n\u00e3o ficou conhecido por atender demandas de parlamentares. A escolha de Queiroga gerou frustra\u00e7\u00e3o entre aliados de Lira, para os quais Bolsonaro n\u00e3o reconheceu o apoio que o deputado federal tem dado \u00e0 sua gest\u00e3o. Integrantes de partidos como PP e Republicanos viram na decis\u00e3o de Bolsonaro um recado ao centr\u00e3o: n\u00e3o adianta pressionar pela demiss\u00e3o de um ministro achando que tem garantida a indica\u00e7\u00e3o do sucessor. Como os dois nomes rejeitados por Bolsonaro tinham chancela de Lira, parlamentares tamb\u00e9m disseram que a escolha acaba enfraquecendo o presidente da C\u00e2mara. ClickPB<\/p>\n","protected":false},"author":6,"featured_media":210566,"comment_status":"closed","ping_status":"closed","sticky":false,"template":"","format":"standard","meta":{"sfsi_plus_gutenberg_text_before_share":"","sfsi_plus_gutenberg_show_text_before_share":"","sfsi_plus_gutenberg_icon_type":"","sfsi_plus_gutenberg_icon_alignemt":"","sfsi_plus_gutenburg_max_per_row":"","footnotes":""},"categories":[50,16],"tags":[],"class_list":["post-210565","post","type-post","status-publish","format-standard","has-post-thumbnail","hentry","category-destaque","category-saude"],"_links":{"self":[{"href":"https:\/\/www.caririemacao.com\/1\/wp-json\/wp\/v2\/posts\/210565","targetHints":{"allow":["GET"]}}],"collection":[{"href":"https:\/\/www.caririemacao.com\/1\/wp-json\/wp\/v2\/posts"}],"about":[{"href":"https:\/\/www.caririemacao.com\/1\/wp-json\/wp\/v2\/types\/post"}],"author":[{"embeddable":true,"href":"https:\/\/www.caririemacao.com\/1\/wp-json\/wp\/v2\/users\/6"}],"replies":[{"embeddable":true,"href":"https:\/\/www.caririemacao.com\/1\/wp-json\/wp\/v2\/comments?post=210565"}],"version-history":[{"count":1,"href":"https:\/\/www.caririemacao.com\/1\/wp-json\/wp\/v2\/posts\/210565\/revisions"}],"predecessor-version":[{"id":210567,"href":"https:\/\/www.caririemacao.com\/1\/wp-json\/wp\/v2\/posts\/210565\/revisions\/210567"}],"wp:featuredmedia":[{"embeddable":true,"href":"https:\/\/www.caririemacao.com\/1\/wp-json\/wp\/v2\/media\/210566"}],"wp:attachment":[{"href":"https:\/\/www.caririemacao.com\/1\/wp-json\/wp\/v2\/media?parent=210565"}],"wp:term":[{"taxonomy":"category","embeddable":true,"href":"https:\/\/www.caririemacao.com\/1\/wp-json\/wp\/v2\/categories?post=210565"},{"taxonomy":"post_tag","embeddable":true,"href":"https:\/\/www.caririemacao.com\/1\/wp-json\/wp\/v2\/tags?post=210565"}],"curies":[{"name":"wp","href":"https:\/\/api.w.org\/{rel}","templated":true}]}}