{"id":210572,"date":"2021-03-16T11:04:47","date_gmt":"2021-03-16T14:04:47","guid":{"rendered":"https:\/\/www.caririemacao.com\/1\/?p=210572"},"modified":"2021-03-16T11:04:49","modified_gmt":"2021-03-16T14:04:49","slug":"prefeito-eden-duarte-visita-areas-atingidas-pela-chuva","status":"publish","type":"post","link":"https:\/\/www.caririemacao.com\/1\/2021\/03\/16\/prefeito-eden-duarte-visita-areas-atingidas-pela-chuva\/","title":{"rendered":"Prefeito \u00c9den Duarte visita \u00e1reas atingidas pela chuva"},"content":{"rendered":"\n<p class=\"wp-block-paragraph\">O Prefeito \u00c9den Duarte esteve durante toda manh\u00e3 e parte da tarde de hoje, visitando \u00e1reas atingidas pela \u00faltima chuva que caiu na cidade de Sum\u00e9. Foram cerca de 154 mil\u00edmetros em aproximadamente 3 horas.<\/p>\n\n\n\n<p class=\"wp-block-paragraph\">Acompanhado pelo Secret\u00e1rio de Obras e Servi\u00e7os Urbanos D\u00e9cio Bezerra, do Presidente da C\u00e2mara Vereador Ant\u00f4nio Carlos Sarmento e o servidor Gilvan Santos, o prefeito percorreu os Conjuntos Habitacionais, bairro Renascer e os loteamentos determinando de imediato os reparos poss\u00edveis e necess\u00e1rios naquele momento.<\/p>\n\n\n\n<p class=\"wp-block-paragraph\">As m\u00e1quinas retroescavadeira, ca\u00e7amba e trator, assim como uma equipe de for\u00e7a tarefa foi montada, a fim de desobstruir, limpar, tapar e criar valas nos pontos cr\u00edticos de alagamentos nas ruas: Paulo Braz, Ant\u00f4nio Leite, Jos\u00e9 Queiroz de Freitas, Vila Z\u00e9 D\u00e1rio, Bairro Renascer, Conjuntos habitacionais e alguns loteamentos.<\/p>\n\n\n\n<p class=\"wp-block-paragraph\">Dentre ainda as determina\u00e7\u00f5es do prefeito \u00c9den, o encaminhamento da equipe da Secretaria de Assist\u00eancia Social \u00e0 Vila Z\u00e9 D\u00e1rio para um levantamento imediato das perdas materiais daqueles moradores e a implementa\u00e7\u00e3o da ajuda necess\u00e1ria.<\/p>\n\n\n\n<p class=\"wp-block-paragraph\">Uma enorme quantidade de lixo e entulho foi retirada dos locais e o prefeito apela para que as pessoas n\u00e3o coloquem lixo nas ruas, nos terrenos baldios e nas encostas dos rios pois, \u201cembora seja uma raridade chuvas nessa quantidade, pode acontecer outras vezes e, embora algumas providencias possam ser tomadas de imediato, outras requer um maior tempo\u201d.<\/p>\n\n\n\n<p class=\"wp-block-paragraph\">Quanto aos transtornos nos loteamentos disse que \u201ca prefeitura pode fazer pouco por se tratar de propriedade particular e em alguns casos, irregular\u201d. Determinou o cancelamento de emiss\u00e3o de certid\u00f5es negativas e alvar\u00e1s nesses casos irregulares e, que \u201ccabe aos que compraram lotes e se sentem lesados pelo propriet\u00e1rio, procurar ajuda junto ao Minist\u00e9rio P\u00fablico ajuizando uma a\u00e7\u00e3o, assim como fez a pr\u00f3pria prefeitura\u201d.<\/p>\n\n\n\n<p class=\"wp-block-paragraph\">Informa\u00e7\u00e3o, reclama\u00e7\u00e3o e sugest\u00e3o:<\/p>\n\n\n\n<p class=\"wp-block-paragraph\">0800 083 1403 (Ouvidoria Municipal)<\/p>\n\n\n\n<p class=\"wp-block-paragraph\">3353 2292 (Servi\u00e7o de Informa\u00e7\u00e3o ao Cidad\u00e3o)<\/p>\n\n\n\n<p class=\"wp-block-paragraph\">(83) 9 9412 7224 (Secretaria de Obras e Servi\u00e7os Urbanos)<\/p>\n\n\n\n<p class=\"wp-block-paragraph\">Ascom\/PMS<\/p>\n","protected":false},"excerpt":{"rendered":"<p>O Prefeito \u00c9den Duarte esteve durante toda manh\u00e3 e parte da tarde de hoje, visitando \u00e1reas atingidas pela \u00faltima chuva que caiu na cidade de Sum\u00e9. Foram cerca de 154 mil\u00edmetros em aproximadamente 3 horas. Acompanhado pelo Secret\u00e1rio de Obras e Servi\u00e7os Urbanos D\u00e9cio Bezerra, do Presidente da C\u00e2mara Vereador Ant\u00f4nio Carlos Sarmento e o servidor Gilvan Santos, o prefeito percorreu os Conjuntos Habitacionais, bairro Renascer e os loteamentos determinando de imediato os reparos poss\u00edveis e necess\u00e1rios naquele momento. As m\u00e1quinas retroescavadeira, ca\u00e7amba e trator, assim como uma equipe de for\u00e7a tarefa foi montada, a fim de desobstruir, limpar, tapar e criar valas nos pontos cr\u00edticos de alagamentos nas ruas: Paulo Braz, Ant\u00f4nio Leite, Jos\u00e9 Queiroz de Freitas, Vila Z\u00e9 D\u00e1rio, Bairro Renascer, Conjuntos habitacionais e alguns loteamentos. Dentre ainda as determina\u00e7\u00f5es do prefeito \u00c9den, o encaminhamento da equipe da Secretaria de Assist\u00eancia Social \u00e0 Vila Z\u00e9 D\u00e1rio para um levantamento imediato das perdas materiais daqueles moradores e a implementa\u00e7\u00e3o da ajuda necess\u00e1ria. Uma enorme quantidade de lixo e entulho foi retirada dos locais e o prefeito apela para que as pessoas n\u00e3o coloquem lixo nas ruas, nos terrenos baldios e nas encostas dos rios pois, \u201cembora seja uma raridade chuvas nessa quantidade, pode acontecer outras vezes e, embora algumas providencias possam ser tomadas de imediato, outras requer um maior tempo\u201d. Quanto aos transtornos nos loteamentos disse que \u201ca prefeitura pode fazer pouco por se tratar de propriedade particular e em alguns casos, irregular\u201d. Determinou o cancelamento de emiss\u00e3o de certid\u00f5es negativas e alvar\u00e1s nesses casos irregulares e, que \u201ccabe aos que compraram lotes e se sentem lesados pelo propriet\u00e1rio, procurar ajuda junto ao Minist\u00e9rio P\u00fablico ajuizando uma a\u00e7\u00e3o, assim como fez a pr\u00f3pria prefeitura\u201d. Informa\u00e7\u00e3o, reclama\u00e7\u00e3o e sugest\u00e3o: 0800 083 1403 (Ouvidoria Municipal) 3353 2292 (Servi\u00e7o de Informa\u00e7\u00e3o ao Cidad\u00e3o) (83) 9 9412 7224 (Secretaria de Obras e Servi\u00e7os Urbanos) Ascom\/PMS<\/p>\n","protected":false},"author":6,"featured_media":203626,"comment_status":"closed","ping_status":"closed","sticky":false,"template":"","format":"standard","meta":{"sfsi_plus_gutenberg_text_before_share":"","sfsi_plus_gutenberg_show_text_before_share":"","sfsi_plus_gutenberg_icon_type":"","sfsi_plus_gutenberg_icon_alignemt":"","sfsi_plus_gutenburg_max_per_row":"","footnotes":""},"categories":[95],"tags":[],"class_list":["post-210572","post","type-post","status-publish","format-standard","has-post-thumbnail","hentry","category-sume"],"_links":{"self":[{"href":"https:\/\/www.caririemacao.com\/1\/wp-json\/wp\/v2\/posts\/210572","targetHints":{"allow":["GET"]}}],"collection":[{"href":"https:\/\/www.caririemacao.com\/1\/wp-json\/wp\/v2\/posts"}],"about":[{"href":"https:\/\/www.caririemacao.com\/1\/wp-json\/wp\/v2\/types\/post"}],"author":[{"embeddable":true,"href":"https:\/\/www.caririemacao.com\/1\/wp-json\/wp\/v2\/users\/6"}],"replies":[{"embeddable":true,"href":"https:\/\/www.caririemacao.com\/1\/wp-json\/wp\/v2\/comments?post=210572"}],"version-history":[{"count":1,"href":"https:\/\/www.caririemacao.com\/1\/wp-json\/wp\/v2\/posts\/210572\/revisions"}],"predecessor-version":[{"id":210573,"href":"https:\/\/www.caririemacao.com\/1\/wp-json\/wp\/v2\/posts\/210572\/revisions\/210573"}],"wp:featuredmedia":[{"embeddable":true,"href":"https:\/\/www.caririemacao.com\/1\/wp-json\/wp\/v2\/media\/203626"}],"wp:attachment":[{"href":"https:\/\/www.caririemacao.com\/1\/wp-json\/wp\/v2\/media?parent=210572"}],"wp:term":[{"taxonomy":"category","embeddable":true,"href":"https:\/\/www.caririemacao.com\/1\/wp-json\/wp\/v2\/categories?post=210572"},{"taxonomy":"post_tag","embeddable":true,"href":"https:\/\/www.caririemacao.com\/1\/wp-json\/wp\/v2\/tags?post=210572"}],"curies":[{"name":"wp","href":"https:\/\/api.w.org\/{rel}","templated":true}]}}