{"id":211249,"date":"2021-03-22T06:40:37","date_gmt":"2021-03-22T09:40:37","guid":{"rendered":"https:\/\/www.caririemacao.com\/1\/?p=211249"},"modified":"2021-03-22T06:40:39","modified_gmt":"2021-03-22T09:40:39","slug":"bolsonaro-diz-que-so-deus-o-tira-da-presidencia-e-ataca-governadores","status":"publish","type":"post","link":"https:\/\/www.caririemacao.com\/1\/2021\/03\/22\/bolsonaro-diz-que-so-deus-o-tira-da-presidencia-e-ataca-governadores\/","title":{"rendered":"BOLSONARO DIZ QUE \u201cS\u00d3 DEUS\u201d O TIRA DA PRESID\u00caNCIA E ATACA GOVERNADORES"},"content":{"rendered":"\n<p class=\"wp-block-paragraph\">No dia do seu 66\u00ba anivers\u00e1rio, Jair Bolsonaro disse a apoiadores em frente ao Pal\u00e1cio da Alvorada, neste domingo (21) que \u201cs\u00f3 Deus\u201d o tira da presid\u00eancia da Rep\u00fablica. \u201cPode ter certeza, minha for\u00e7a vem de Deus e de voc\u00eas. Enquanto eu for presidente, s\u00f3 Deus me tira daqui. Eu estarei com voc\u00eas\u201d, afirmou.<\/p>\n\n\n\n<p class=\"wp-block-paragraph\">Ele ainda comentou que as For\u00e7as Armadas brasileiras ficariam ao seu lado caso fosse colocado para fora do Executivo.<\/p>\n","protected":false},"excerpt":{"rendered":"<p>No dia do seu 66\u00ba anivers\u00e1rio, Jair Bolsonaro disse a apoiadores em frente ao Pal\u00e1cio da Alvorada, neste domingo (21) que \u201cs\u00f3 Deus\u201d o tira da presid\u00eancia da Rep\u00fablica. \u201cPode ter certeza, minha for\u00e7a vem de Deus e de voc\u00eas. Enquanto eu for presidente, s\u00f3 Deus me tira daqui. Eu estarei com voc\u00eas\u201d, afirmou. Ele ainda comentou que as For\u00e7as Armadas brasileiras ficariam ao seu lado caso fosse colocado para fora do Executivo.<\/p>\n","protected":false},"author":6,"featured_media":208597,"comment_status":"closed","ping_status":"closed","sticky":false,"template":"","format":"standard","meta":{"sfsi_plus_gutenberg_text_before_share":"","sfsi_plus_gutenberg_show_text_before_share":"","sfsi_plus_gutenberg_icon_type":"","sfsi_plus_gutenberg_icon_alignemt":"","sfsi_plus_gutenburg_max_per_row":"","footnotes":""},"categories":[50,98],"tags":[],"class_list":["post-211249","post","type-post","status-publish","format-standard","has-post-thumbnail","hentry","category-destaque","category-presidente"],"_links":{"self":[{"href":"https:\/\/www.caririemacao.com\/1\/wp-json\/wp\/v2\/posts\/211249","targetHints":{"allow":["GET"]}}],"collection":[{"href":"https:\/\/www.caririemacao.com\/1\/wp-json\/wp\/v2\/posts"}],"about":[{"href":"https:\/\/www.caririemacao.com\/1\/wp-json\/wp\/v2\/types\/post"}],"author":[{"embeddable":true,"href":"https:\/\/www.caririemacao.com\/1\/wp-json\/wp\/v2\/users\/6"}],"replies":[{"embeddable":true,"href":"https:\/\/www.caririemacao.com\/1\/wp-json\/wp\/v2\/comments?post=211249"}],"version-history":[{"count":1,"href":"https:\/\/www.caririemacao.com\/1\/wp-json\/wp\/v2\/posts\/211249\/revisions"}],"predecessor-version":[{"id":211250,"href":"https:\/\/www.caririemacao.com\/1\/wp-json\/wp\/v2\/posts\/211249\/revisions\/211250"}],"wp:featuredmedia":[{"embeddable":true,"href":"https:\/\/www.caririemacao.com\/1\/wp-json\/wp\/v2\/media\/208597"}],"wp:attachment":[{"href":"https:\/\/www.caririemacao.com\/1\/wp-json\/wp\/v2\/media?parent=211249"}],"wp:term":[{"taxonomy":"category","embeddable":true,"href":"https:\/\/www.caririemacao.com\/1\/wp-json\/wp\/v2\/categories?post=211249"},{"taxonomy":"post_tag","embeddable":true,"href":"https:\/\/www.caririemacao.com\/1\/wp-json\/wp\/v2\/tags?post=211249"}],"curies":[{"name":"wp","href":"https:\/\/api.w.org\/{rel}","templated":true}]}}