{"id":211556,"date":"2021-03-24T06:19:19","date_gmt":"2021-03-24T09:19:19","guid":{"rendered":"https:\/\/www.caririemacao.com\/1\/?p=211556"},"modified":"2021-03-24T06:19:20","modified_gmt":"2021-03-24T09:19:20","slug":"bolsonaro-e-alvo-de-panelacos-durante-pronunciamento-na-tv","status":"publish","type":"post","link":"https:\/\/www.caririemacao.com\/1\/2021\/03\/24\/bolsonaro-e-alvo-de-panelacos-durante-pronunciamento-na-tv\/","title":{"rendered":"Bolsonaro \u00e9 alvo de panela\u00e7os durante pronunciamento na TV"},"content":{"rendered":"\n<p class=\"wp-block-paragraph\">O presidente Jair Bolsonaro foi alvo de panela\u00e7os em S\u00e3o Paulo durante seu pronunciamento em rede nacional na TV na noite desta ter\u00e7a-feira (23).<\/p>\n\n\n\n<p class=\"wp-block-paragraph\">Ele decidiu falar publicamente a respeito do enfrentamento ao coronav\u00edrus, em um momento em que a pandemia se aproxima da marca de 300 mil mortes no pa\u00eds. O novo ministro da Sa\u00fade, Marcelo Queiroga, tomou posse nesta ter\u00e7a, em substitui\u00e7\u00e3o ao general Eduardo Pazuello.<\/p>\n\n\n\n<p class=\"wp-block-paragraph\">Em S\u00e3o Paulo, houve panela\u00e7o em bairros como Santa Cec\u00edlia (regi\u00e3o central), Perdizes (zona oeste) e Sa\u00fade (zona sul).<\/p>\n\n\n\n<p class=\"wp-block-paragraph\">O presidente tem sido alvo desse tipo de protesto desde o in\u00edcio da crise sanit\u00e1ria, h\u00e1 um ano. Neste ano, opositores de Bolsonaro tamb\u00e9m t\u00eam promovido carreatas pelo pa\u00eds para pedir o afastamento dele da Presid\u00eancia.<\/p>\n\n\n\n<p class=\"wp-block-paragraph\">Pesquisa do Datafolha feita entre os dias 15 e 16 apontou uma alta na rejei\u00e7\u00e3o ao trabalho de Bolsonaro na gest\u00e3o da pandemia. Consideram o trabalho do presidente ruim ou p\u00e9ssimo 54% dos entrevistados, ante 22% que o classificam como bom ou \u00f3timo.<\/p>\n\n\n\n<p class=\"wp-block-paragraph\">J\u00e1 avalia\u00e7\u00e3o do governo \u00e9 considerada ruim ou p\u00e9ssima por 44% dos entrevistados. Mas outros 30% entendem que o presidente faz um trabalho \u00f3timo ou bom. Para 24%, a avalia\u00e7\u00e3o \u00e9 regular.<\/p>\n\n\n\n<p class=\"wp-block-paragraph\"><em>ClickPB<\/em><\/p>\n","protected":false},"excerpt":{"rendered":"<p>O presidente Jair Bolsonaro foi alvo de panela\u00e7os em S\u00e3o Paulo durante seu pronunciamento em rede nacional na TV na noite desta ter\u00e7a-feira (23). Ele decidiu falar publicamente a respeito do enfrentamento ao coronav\u00edrus, em um momento em que a pandemia se aproxima da marca de 300 mil mortes no pa\u00eds. O novo ministro da Sa\u00fade, Marcelo Queiroga, tomou posse nesta ter\u00e7a, em substitui\u00e7\u00e3o ao general Eduardo Pazuello. Em S\u00e3o Paulo, houve panela\u00e7o em bairros como Santa Cec\u00edlia (regi\u00e3o central), Perdizes (zona oeste) e Sa\u00fade (zona sul). O presidente tem sido alvo desse tipo de protesto desde o in\u00edcio da crise sanit\u00e1ria, h\u00e1 um ano. Neste ano, opositores de Bolsonaro tamb\u00e9m t\u00eam promovido carreatas pelo pa\u00eds para pedir o afastamento dele da Presid\u00eancia. Pesquisa do Datafolha feita entre os dias 15 e 16 apontou uma alta na rejei\u00e7\u00e3o ao trabalho de Bolsonaro na gest\u00e3o da pandemia. Consideram o trabalho do presidente ruim ou p\u00e9ssimo 54% dos entrevistados, ante 22% que o classificam como bom ou \u00f3timo. J\u00e1 avalia\u00e7\u00e3o do governo \u00e9 considerada ruim ou p\u00e9ssima por 44% dos entrevistados. Mas outros 30% entendem que o presidente faz um trabalho \u00f3timo ou bom. Para 24%, a avalia\u00e7\u00e3o \u00e9 regular. ClickPB<\/p>\n","protected":false},"author":6,"featured_media":211557,"comment_status":"closed","ping_status":"closed","sticky":false,"template":"","format":"standard","meta":{"sfsi_plus_gutenberg_text_before_share":"","sfsi_plus_gutenberg_show_text_before_share":"","sfsi_plus_gutenberg_icon_type":"","sfsi_plus_gutenberg_icon_alignemt":"","sfsi_plus_gutenburg_max_per_row":"","footnotes":""},"categories":[50,104],"tags":[],"class_list":["post-211556","post","type-post","status-publish","format-standard","has-post-thumbnail","hentry","category-destaque","category-paraiba"],"_links":{"self":[{"href":"https:\/\/www.caririemacao.com\/1\/wp-json\/wp\/v2\/posts\/211556","targetHints":{"allow":["GET"]}}],"collection":[{"href":"https:\/\/www.caririemacao.com\/1\/wp-json\/wp\/v2\/posts"}],"about":[{"href":"https:\/\/www.caririemacao.com\/1\/wp-json\/wp\/v2\/types\/post"}],"author":[{"embeddable":true,"href":"https:\/\/www.caririemacao.com\/1\/wp-json\/wp\/v2\/users\/6"}],"replies":[{"embeddable":true,"href":"https:\/\/www.caririemacao.com\/1\/wp-json\/wp\/v2\/comments?post=211556"}],"version-history":[{"count":1,"href":"https:\/\/www.caririemacao.com\/1\/wp-json\/wp\/v2\/posts\/211556\/revisions"}],"predecessor-version":[{"id":211558,"href":"https:\/\/www.caririemacao.com\/1\/wp-json\/wp\/v2\/posts\/211556\/revisions\/211558"}],"wp:featuredmedia":[{"embeddable":true,"href":"https:\/\/www.caririemacao.com\/1\/wp-json\/wp\/v2\/media\/211557"}],"wp:attachment":[{"href":"https:\/\/www.caririemacao.com\/1\/wp-json\/wp\/v2\/media?parent=211556"}],"wp:term":[{"taxonomy":"category","embeddable":true,"href":"https:\/\/www.caririemacao.com\/1\/wp-json\/wp\/v2\/categories?post=211556"},{"taxonomy":"post_tag","embeddable":true,"href":"https:\/\/www.caririemacao.com\/1\/wp-json\/wp\/v2\/tags?post=211556"}],"curies":[{"name":"wp","href":"https:\/\/api.w.org\/{rel}","templated":true}]}}