{"id":211665,"date":"2021-03-24T11:43:53","date_gmt":"2021-03-24T14:43:53","guid":{"rendered":"https:\/\/www.caririemacao.com\/1\/?p=211665"},"modified":"2021-03-24T11:43:56","modified_gmt":"2021-03-24T14:43:56","slug":"bolsonaro-anuncia-comite-com-governadores-e-congresso-mas-continua-insistindo-no-tratamento-precoce","status":"publish","type":"post","link":"https:\/\/www.caririemacao.com\/1\/2021\/03\/24\/bolsonaro-anuncia-comite-com-governadores-e-congresso-mas-continua-insistindo-no-tratamento-precoce\/","title":{"rendered":"Bolsonaro anuncia comit\u00ea com governadores e Congresso, mas continua insistindo no tratamento precoce"},"content":{"rendered":"\n<p class=\"wp-block-paragraph\">Ap\u00f3s reuni\u00e3o na resid\u00eancia oficial do Pal\u00e1cio da Alvorada com governadores, ministros e chefes de poderes, o presidente Jair Bolsonaro anunciou a cria\u00e7a\u00f5 de um comit\u00ea formado por governos estaduais, Congresso e Uni\u00e3o para combater a pandemia de Covid-19.<\/p>\n\n\n\n<p class=\"wp-block-paragraph\">&#8220;Resolvemos, entre outras coisas, que ser\u00e1 criada uma coordena\u00e7\u00e3o junto aos governadores, com o senhor presidente do Senado Federal. Da nossa parte, um comit\u00ea que se reunir\u00e1 toda semana com autoridades para decidirmos ou redirecionarmos o rumo do combate ao coronav\u00edrus&#8221;, afirmou o presidente em um breve pronunciamento ap\u00f3s o encontro, ao lado dos governadores, ministros e chefes de poderes.<\/p>\n\n\n\n<p class=\"wp-block-paragraph\">O presidente disse tamb\u00e9m que, na reuni\u00e3o, discutiu o que ele chama de &#8220;tratamento precoce&#8221;. O m\u00e9todo prev\u00ea a utiliza\u00e7\u00e3o de medicamentos defendidos pelo presidente, mas que n\u00e3o t\u00eam efic\u00e1cia contra a Covid-19, de acordo com pesquisas cient\u00edficas internacionais.<\/p>\n\n\n\n<p class=\"wp-block-paragraph\">&#8220;Tratamos tamb\u00e9m de possiblidade de tratamento precoce. Isso fica a cargo do ministro da Sa\u00fade, que respeita o direito e o dever do m\u00e9dico off-label tratar os infectados&#8221;, argumentou Bolsonaro.<\/p>\n\n\n\n<p class=\"wp-block-paragraph\"><strong>Vida &#8216;em primeiro lugar&#8217;<\/strong><\/p>\n\n\n\n<p class=\"wp-block-paragraph\">O presidente disse ainda que defende &#8220;a vida em primeiro lugar&#8221;. Desta vez, ao contr\u00e1rio de suas falas habituais, Bolsonaro n\u00e3o equiparou o emprego \u00e0 vida na categoria de prioridade.<\/p>\n\n\n\n<p class=\"wp-block-paragraph\">A reuni\u00e3o entre Bolsonaro, governadores, ministros e chefes de poderes ocorre no dia em que o Brasil chegou \u00e0 marca de 300 mil mortos por Covid-19, desde que a pandemia come\u00e7ou, h\u00e1 pouco mais de um ano.<\/p>\n\n\n\n<p class=\"wp-block-paragraph\">O pa\u00eds vive o momento mais grave da pandemia, com sucessivos recordes di\u00e1rios de n\u00famero de mortes e n\u00famero de novos casos. Os sistemas de sa\u00fade nos estados est\u00e1 sobrecarregado, com filas na UTI e amea\u00e7a de falta de insumos para seda\u00e7\u00e3o de pacientes e de oxig\u00eanio.<\/p>\n\n\n\n<p class=\"wp-block-paragraph\"><strong>Isolamento social<\/strong><\/p>\n\n\n\n<p class=\"wp-block-paragraph\">Em nenhum momento de seu pronunciamento, Bolsonaro falou de medidas de isolamento social, defendidas por especialistas como fundamentais para conter o descontrole do cont\u00e1gio, como \u00e9 o caso atual da pandemia no Brasil.<\/p>\n\n\n\n<p class=\"wp-block-paragraph\">Bolsonaro \u00e9 um cr\u00edtico de medidas de isolamento adotadas nos estados e, nos \u00faltimos dias, tentou, sem sucesso, barrar algumas delas na Justi\u00e7a.<\/p>\n\n\n\n<p class=\"wp-block-paragraph\">O tema do isolamento, no entanto, foi defendido pelo governador de Goi\u00e1s, Ronaldo Caiado (DEM), que tamb\u00e9m fez um pronunciamento ap\u00f3s a reuni\u00e3o. Ao lado de Bolsonaro, ele ressaltou a import\u00e2ncia de restringir a circula\u00e7\u00e3o de pessoas.<\/p>\n\n\n\n<p class=\"wp-block-paragraph\">&#8220;Pedir a todos que entendam que em situa\u00e7\u00f5es delicadas e cr\u00edticas muitas vezes se faz necess\u00e1rio o isolamento social&#8221;, disse o governador.<\/p>\n\n\n\n<p class=\"wp-block-paragraph\">Os governadores presentes \u00e0 reuni\u00e3o n\u00e3o s\u00e3o cr\u00edticos declarados do presidente. Al\u00e9m de Caiado, participaram Wilson Lima (Amazonas), Romeu Zema (Minas Gerais), Ratinho J\u00fanior (Paran\u00e1), Marcos Rocha (Rond\u00f4nia), Renan Filho (Alagoas).<\/p>\n\n\n\n<p class=\"wp-block-paragraph\"><em>ClickPB<\/em><\/p>\n","protected":false},"excerpt":{"rendered":"<p>Ap\u00f3s reuni\u00e3o na resid\u00eancia oficial do Pal\u00e1cio da Alvorada com governadores, ministros e chefes de poderes, o presidente Jair Bolsonaro anunciou a cria\u00e7a\u00f5 de um comit\u00ea formado por governos estaduais, Congresso e Uni\u00e3o para combater a pandemia de Covid-19. &#8220;Resolvemos, entre outras coisas, que ser\u00e1 criada uma coordena\u00e7\u00e3o junto aos governadores, com o senhor presidente do Senado Federal. Da nossa parte, um comit\u00ea que se reunir\u00e1 toda semana com autoridades para decidirmos ou redirecionarmos o rumo do combate ao coronav\u00edrus&#8221;, afirmou o presidente em um breve pronunciamento ap\u00f3s o encontro, ao lado dos governadores, ministros e chefes de poderes. O presidente disse tamb\u00e9m que, na reuni\u00e3o, discutiu o que ele chama de &#8220;tratamento precoce&#8221;. O m\u00e9todo prev\u00ea a utiliza\u00e7\u00e3o de medicamentos defendidos pelo presidente, mas que n\u00e3o t\u00eam efic\u00e1cia contra a Covid-19, de acordo com pesquisas cient\u00edficas internacionais. &#8220;Tratamos tamb\u00e9m de possiblidade de tratamento precoce. Isso fica a cargo do ministro da Sa\u00fade, que respeita o direito e o dever do m\u00e9dico off-label tratar os infectados&#8221;, argumentou Bolsonaro. Vida &#8216;em primeiro lugar&#8217; O presidente disse ainda que defende &#8220;a vida em primeiro lugar&#8221;. Desta vez, ao contr\u00e1rio de suas falas habituais, Bolsonaro n\u00e3o equiparou o emprego \u00e0 vida na categoria de prioridade. A reuni\u00e3o entre Bolsonaro, governadores, ministros e chefes de poderes ocorre no dia em que o Brasil chegou \u00e0 marca de 300 mil mortos por Covid-19, desde que a pandemia come\u00e7ou, h\u00e1 pouco mais de um ano. O pa\u00eds vive o momento mais grave da pandemia, com sucessivos recordes di\u00e1rios de n\u00famero de mortes e n\u00famero de novos casos. Os sistemas de sa\u00fade nos estados est\u00e1 sobrecarregado, com filas na UTI e amea\u00e7a de falta de insumos para seda\u00e7\u00e3o de pacientes e de oxig\u00eanio. Isolamento social Em nenhum momento de seu pronunciamento, Bolsonaro falou de medidas de isolamento social, defendidas por especialistas como fundamentais para conter o descontrole do cont\u00e1gio, como \u00e9 o caso atual da pandemia no Brasil. Bolsonaro \u00e9 um cr\u00edtico de medidas de isolamento adotadas nos estados e, nos \u00faltimos dias, tentou, sem sucesso, barrar algumas delas na Justi\u00e7a. O tema do isolamento, no entanto, foi defendido pelo governador de Goi\u00e1s, Ronaldo Caiado (DEM), que tamb\u00e9m fez um pronunciamento ap\u00f3s a reuni\u00e3o. Ao lado de Bolsonaro, ele ressaltou a import\u00e2ncia de restringir a circula\u00e7\u00e3o de pessoas. &#8220;Pedir a todos que entendam que em situa\u00e7\u00f5es delicadas e cr\u00edticas muitas vezes se faz necess\u00e1rio o isolamento social&#8221;, disse o governador. Os governadores presentes \u00e0 reuni\u00e3o n\u00e3o s\u00e3o cr\u00edticos declarados do presidente. Al\u00e9m de Caiado, participaram Wilson Lima (Amazonas), Romeu Zema (Minas Gerais), Ratinho J\u00fanior (Paran\u00e1), Marcos Rocha (Rond\u00f4nia), Renan Filho (Alagoas). ClickPB<\/p>\n","protected":false},"author":6,"featured_media":211666,"comment_status":"closed","ping_status":"closed","sticky":false,"template":"","format":"standard","meta":{"sfsi_plus_gutenberg_text_before_share":"","sfsi_plus_gutenberg_show_text_before_share":"","sfsi_plus_gutenberg_icon_type":"","sfsi_plus_gutenberg_icon_alignemt":"","sfsi_plus_gutenburg_max_per_row":"","footnotes":""},"categories":[98],"tags":[],"class_list":["post-211665","post","type-post","status-publish","format-standard","has-post-thumbnail","hentry","category-presidente"],"_links":{"self":[{"href":"https:\/\/www.caririemacao.com\/1\/wp-json\/wp\/v2\/posts\/211665","targetHints":{"allow":["GET"]}}],"collection":[{"href":"https:\/\/www.caririemacao.com\/1\/wp-json\/wp\/v2\/posts"}],"about":[{"href":"https:\/\/www.caririemacao.com\/1\/wp-json\/wp\/v2\/types\/post"}],"author":[{"embeddable":true,"href":"https:\/\/www.caririemacao.com\/1\/wp-json\/wp\/v2\/users\/6"}],"replies":[{"embeddable":true,"href":"https:\/\/www.caririemacao.com\/1\/wp-json\/wp\/v2\/comments?post=211665"}],"version-history":[{"count":1,"href":"https:\/\/www.caririemacao.com\/1\/wp-json\/wp\/v2\/posts\/211665\/revisions"}],"predecessor-version":[{"id":211667,"href":"https:\/\/www.caririemacao.com\/1\/wp-json\/wp\/v2\/posts\/211665\/revisions\/211667"}],"wp:featuredmedia":[{"embeddable":true,"href":"https:\/\/www.caririemacao.com\/1\/wp-json\/wp\/v2\/media\/211666"}],"wp:attachment":[{"href":"https:\/\/www.caririemacao.com\/1\/wp-json\/wp\/v2\/media?parent=211665"}],"wp:term":[{"taxonomy":"category","embeddable":true,"href":"https:\/\/www.caririemacao.com\/1\/wp-json\/wp\/v2\/categories?post=211665"},{"taxonomy":"post_tag","embeddable":true,"href":"https:\/\/www.caririemacao.com\/1\/wp-json\/wp\/v2\/tags?post=211665"}],"curies":[{"name":"wp","href":"https:\/\/api.w.org\/{rel}","templated":true}]}}