{"id":212315,"date":"2021-03-30T06:55:10","date_gmt":"2021-03-30T09:55:10","guid":{"rendered":"https:\/\/www.caririemacao.com\/1\/?p=212315"},"modified":"2021-03-30T06:55:17","modified_gmt":"2021-03-30T09:55:17","slug":"bolsonaro-oficializa-reforma-ministerial-com-seis-mudancas-veja-lista","status":"publish","type":"post","link":"https:\/\/www.caririemacao.com\/1\/2021\/03\/30\/bolsonaro-oficializa-reforma-ministerial-com-seis-mudancas-veja-lista\/","title":{"rendered":"Bolsonaro oficializa reforma ministerial com seis mudan\u00e7as; veja lista"},"content":{"rendered":"\n<p class=\"wp-block-paragraph\">O presidente Jair Bolsonaro realizou nesta segunda-feira (29) uma reforma ministerial com seis trocas no primeiro escal\u00e3o do governo. As mudan\u00e7as foram confirmadas em uma nota da Secretaria de Comunica\u00e7\u00e3o Social, vinculada ao Minist\u00e9rio das Comunica\u00e7\u00f5es.<\/p>\n\n\n\n<p class=\"wp-block-paragraph\"><strong>Veja quem s\u00e3o os novos ministros:<\/strong><\/p>\n\n\n\n<ul class=\"wp-block-list\"><li>Casa Civil da Presid\u00eancia da Rep\u00fablica: Luiz Eduardo Ramos, atual ministro da Secretaria de Governo;<\/li><li>Minist\u00e9rio da Justi\u00e7a e Seguran\u00e7a P\u00fablica: delegado da Pol\u00edcia Federal Anderson Torres, atual secret\u00e1rio de Seguran\u00e7a P\u00fablica do Distrito Federal;<\/li><li>Minist\u00e9rio da Defesa: general Walter Souza Braga Netto, atual chefe da Casa Civil;<\/li><li>Minist\u00e9rio das Rela\u00e7\u00f5es Exteriores: embaixador Carlos Alberto Franco Fran\u00e7a, diplomata de carreira que estava na assessoria especial da Presid\u00eancia da Rep\u00fablica;<\/li><li>Secretaria de Governo da Presid\u00eancia da Rep\u00fablica: deputada federal Fl\u00e1via Arruda (PL-DF);<\/li><li>Advocacia-Geral da Uni\u00e3o: Andr\u00e9 Mendon\u00e7a, que j\u00e1 chefiou a AGU no in\u00edcio do governo e est\u00e1 atualmente no Minist\u00e9rio da Justi\u00e7a.<\/li><\/ul>\n\n\n\n<p class=\"wp-block-paragraph\">Com as mudan\u00e7as, deixam de ser ministros os atuais titulares Ernesto Ara\u00fajo (Rela\u00e7\u00f5es Exteriores), Fernando Azevedo e Silva (Defesa) e Jos\u00e9 Levi (AGU). Os outros tr\u00eas ministros envolvidos nas mudan\u00e7as \u2013 Ramos, Braga Netto e Mendon\u00e7a \u2013 foram apenas remanejados para novos postos ministeriais.<\/p>\n\n\n\n<p class=\"wp-block-paragraph\">At\u00e9 o fim de semana, apenas a substitui\u00e7\u00e3o de Ernesto Ara\u00fajo era tida como prov\u00e1vel para os pr\u00f3ximos dias.<\/p>\n\n\n\n<p class=\"wp-block-paragraph\">Criticado por sua atua\u00e7\u00e3o durante a pandemia, o chanceler teve a demiss\u00e3o pedida por deputados e senadores e, no domingo (28), sacramentou sua sa\u00edda ap\u00f3s um atrito com a senadora K\u00e1tia Abreu (PP-TO).<\/p>\n\n\n\n<p class=\"wp-block-paragraph\">Bolsonaro aproveitou a sa\u00edda de Ara\u00fajo para realizar uma reforma maior em sua equipe ministerial. O governo atualmente tem 22 minist\u00e9rios \u2013 a independ\u00eancia do Banco Central aprovada pelo Congresso fez com que a institui\u00e7\u00e3o deixasse de ser contabilizada nessa lista.<\/p>\n\n\n\n<p class=\"wp-block-paragraph\"><strong>Segunda de mudan\u00e7as<\/strong><\/p>\n\n\n\n<p class=\"wp-block-paragraph\">A primeira troca confirmada nesta segunda foi justamente a de Ernesto Ara\u00fajo. O ministro se reuniu com assessores pr\u00f3ximos no fim da manh\u00e3 e apresentou o pedido ao presidente Bolsonaro, segundo apurou a TV Globo.<\/p>\n\n\n\n<p class=\"wp-block-paragraph\">A confirma\u00e7\u00e3o oficial e o nome de Carlos Alberto Franco Fran\u00e7a como substituto, no entanto, s\u00f3 sa\u00edram no fim da tarde.<\/p>\n\n\n\n<p class=\"wp-block-paragraph\">\u00c0 tarde, o ministro da Defesa, Fernando Azevedo e Silva, emitiu nota oficial para informar que deixaria o cargo. O comunicado n\u00e3o informou motivo e nem substituto, mas Azevedo e Silva foi demitido pelo presidente Jair Bolsonaro, informou o blog da jornalista Andr\u00e9ia Sadi.<\/p>\n\n\n\n<p class=\"wp-block-paragraph\">O pedido de demiss\u00e3o de Jos\u00e9 Levi do comando da AGU foi confirmado no fim da tarde, minutos antes da nota oficial do Planalto com a \u00edntegra da reforma ministerial. A TV Globo teve acesso ao despacho enviado por Levi ao presidente Jair Bolsonaro com o pedido de exonera\u00e7\u00e3o.<\/p>\n\n\n\n<p class=\"wp-block-paragraph\"><em>ClickPB<\/em><\/p>\n","protected":false},"excerpt":{"rendered":"<p>O presidente Jair Bolsonaro realizou nesta segunda-feira (29) uma reforma ministerial com seis trocas no primeiro escal\u00e3o do governo. As mudan\u00e7as foram confirmadas em uma nota da Secretaria de Comunica\u00e7\u00e3o Social, vinculada ao Minist\u00e9rio das Comunica\u00e7\u00f5es. Veja quem s\u00e3o os novos ministros: Casa Civil da Presid\u00eancia da Rep\u00fablica: Luiz Eduardo Ramos, atual ministro da Secretaria de Governo; Minist\u00e9rio da Justi\u00e7a e Seguran\u00e7a P\u00fablica: delegado da Pol\u00edcia Federal Anderson Torres, atual secret\u00e1rio de Seguran\u00e7a P\u00fablica do Distrito Federal; Minist\u00e9rio da Defesa: general Walter Souza Braga Netto, atual chefe da Casa Civil; Minist\u00e9rio das Rela\u00e7\u00f5es Exteriores: embaixador Carlos Alberto Franco Fran\u00e7a, diplomata de carreira que estava na assessoria especial da Presid\u00eancia da Rep\u00fablica; Secretaria de Governo da Presid\u00eancia da Rep\u00fablica: deputada federal Fl\u00e1via Arruda (PL-DF); Advocacia-Geral da Uni\u00e3o: Andr\u00e9 Mendon\u00e7a, que j\u00e1 chefiou a AGU no in\u00edcio do governo e est\u00e1 atualmente no Minist\u00e9rio da Justi\u00e7a. Com as mudan\u00e7as, deixam de ser ministros os atuais titulares Ernesto Ara\u00fajo (Rela\u00e7\u00f5es Exteriores), Fernando Azevedo e Silva (Defesa) e Jos\u00e9 Levi (AGU). Os outros tr\u00eas ministros envolvidos nas mudan\u00e7as \u2013 Ramos, Braga Netto e Mendon\u00e7a \u2013 foram apenas remanejados para novos postos ministeriais. At\u00e9 o fim de semana, apenas a substitui\u00e7\u00e3o de Ernesto Ara\u00fajo era tida como prov\u00e1vel para os pr\u00f3ximos dias. Criticado por sua atua\u00e7\u00e3o durante a pandemia, o chanceler teve a demiss\u00e3o pedida por deputados e senadores e, no domingo (28), sacramentou sua sa\u00edda ap\u00f3s um atrito com a senadora K\u00e1tia Abreu (PP-TO). Bolsonaro aproveitou a sa\u00edda de Ara\u00fajo para realizar uma reforma maior em sua equipe ministerial. O governo atualmente tem 22 minist\u00e9rios \u2013 a independ\u00eancia do Banco Central aprovada pelo Congresso fez com que a institui\u00e7\u00e3o deixasse de ser contabilizada nessa lista. Segunda de mudan\u00e7as A primeira troca confirmada nesta segunda foi justamente a de Ernesto Ara\u00fajo. O ministro se reuniu com assessores pr\u00f3ximos no fim da manh\u00e3 e apresentou o pedido ao presidente Bolsonaro, segundo apurou a TV Globo. A confirma\u00e7\u00e3o oficial e o nome de Carlos Alberto Franco Fran\u00e7a como substituto, no entanto, s\u00f3 sa\u00edram no fim da tarde. \u00c0 tarde, o ministro da Defesa, Fernando Azevedo e Silva, emitiu nota oficial para informar que deixaria o cargo. O comunicado n\u00e3o informou motivo e nem substituto, mas Azevedo e Silva foi demitido pelo presidente Jair Bolsonaro, informou o blog da jornalista Andr\u00e9ia Sadi. O pedido de demiss\u00e3o de Jos\u00e9 Levi do comando da AGU foi confirmado no fim da tarde, minutos antes da nota oficial do Planalto com a \u00edntegra da reforma ministerial. A TV Globo teve acesso ao despacho enviado por Levi ao presidente Jair Bolsonaro com o pedido de exonera\u00e7\u00e3o. ClickPB<\/p>\n","protected":false},"author":6,"featured_media":211945,"comment_status":"closed","ping_status":"closed","sticky":false,"template":"","format":"standard","meta":{"sfsi_plus_gutenberg_text_before_share":"","sfsi_plus_gutenberg_show_text_before_share":"","sfsi_plus_gutenberg_icon_type":"","sfsi_plus_gutenberg_icon_alignemt":"","sfsi_plus_gutenburg_max_per_row":"","footnotes":""},"categories":[123,50,98],"tags":[],"class_list":["post-212315","post","type-post","status-publish","format-standard","has-post-thumbnail","hentry","category-brasil","category-destaque","category-presidente"],"_links":{"self":[{"href":"https:\/\/www.caririemacao.com\/1\/wp-json\/wp\/v2\/posts\/212315","targetHints":{"allow":["GET"]}}],"collection":[{"href":"https:\/\/www.caririemacao.com\/1\/wp-json\/wp\/v2\/posts"}],"about":[{"href":"https:\/\/www.caririemacao.com\/1\/wp-json\/wp\/v2\/types\/post"}],"author":[{"embeddable":true,"href":"https:\/\/www.caririemacao.com\/1\/wp-json\/wp\/v2\/users\/6"}],"replies":[{"embeddable":true,"href":"https:\/\/www.caririemacao.com\/1\/wp-json\/wp\/v2\/comments?post=212315"}],"version-history":[{"count":1,"href":"https:\/\/www.caririemacao.com\/1\/wp-json\/wp\/v2\/posts\/212315\/revisions"}],"predecessor-version":[{"id":212316,"href":"https:\/\/www.caririemacao.com\/1\/wp-json\/wp\/v2\/posts\/212315\/revisions\/212316"}],"wp:featuredmedia":[{"embeddable":true,"href":"https:\/\/www.caririemacao.com\/1\/wp-json\/wp\/v2\/media\/211945"}],"wp:attachment":[{"href":"https:\/\/www.caririemacao.com\/1\/wp-json\/wp\/v2\/media?parent=212315"}],"wp:term":[{"taxonomy":"category","embeddable":true,"href":"https:\/\/www.caririemacao.com\/1\/wp-json\/wp\/v2\/categories?post=212315"},{"taxonomy":"post_tag","embeddable":true,"href":"https:\/\/www.caririemacao.com\/1\/wp-json\/wp\/v2\/tags?post=212315"}],"curies":[{"name":"wp","href":"https:\/\/api.w.org\/{rel}","templated":true}]}}