{"id":212652,"date":"2021-04-01T09:33:46","date_gmt":"2021-04-01T12:33:46","guid":{"rendered":"https:\/\/www.caririemacao.com\/1\/?p=212652"},"modified":"2021-04-01T09:33:48","modified_gmt":"2021-04-01T12:33:48","slug":"oms-diz-que-sao-necessarias-novas-restricoes-para-combater-pandemia","status":"publish","type":"post","link":"https:\/\/www.caririemacao.com\/1\/2021\/04\/01\/oms-diz-que-sao-necessarias-novas-restricoes-para-combater-pandemia\/","title":{"rendered":"OMS diz que s\u00e3o necess\u00e1rias novas restri\u00e7\u00f5es para combater pandemia"},"content":{"rendered":"\n<p class=\"wp-block-paragraph\">A Organiza\u00e7\u00e3o Mundial da Sa\u00fade (OMS) descreveu hoje (1\u00ba) como &#8220;necess\u00e1rias&#8221; novas restri\u00e7\u00f5es na Europa devido ao crescente n\u00famero de casos do SARS-CoV-2, em meio ao&nbsp;avan\u00e7o da variante brit\u00e2nica e ao aumento da mobilidade pela semana da P\u00e1scoa.<img decoding=\"async\" src=\"https:\/\/agenciabrasil.ebc.com.br\/ebc.png?id=1405616&amp;o=node\"><img decoding=\"async\" src=\"https:\/\/agenciabrasil.ebc.com.br\/ebc.gif?id=1405616&amp;o=node\"><\/p>\n\n\n\n<p class=\"wp-block-paragraph\">&#8220;A situa\u00e7\u00e3o na regi\u00e3o \u00e9 agora mais preocupante do que vimos em v\u00e1rios meses&#8221;, disse a diretora regional da OMS para Emerg\u00eancias na Europa, Dorit Nitzan.<\/p>\n\n\n\n<p class=\"wp-block-paragraph\">&#8220;Muitos pa\u00edses est\u00e3o adotando&nbsp;novas medidas que s\u00e3o necess\u00e1rias e todos devem segui-las tanto quanto poss\u00edvel&#8221;, acrescentou Nitzan.<\/p>\n\n\n\n<p class=\"wp-block-paragraph\">Em sua opini\u00e3o, tamb\u00e9m existem &#8220;riscos associados&#8221; ao &#8220;aumento da mobilidade&#8221; e \u00e0s reuni\u00f5es neste&nbsp;feriado&nbsp;da P\u00e1scoa.<\/p>\n\n\n\n<p class=\"wp-block-paragraph\">Em nota, do seu escrit\u00f3rio europeu, a OMS tamb\u00e9m chamou de &#8220;inaceitavelmente&#8221; lento o ritmo da campanha de vacina\u00e7\u00e3o no continente.<\/p>\n\n\n\n<p class=\"wp-block-paragraph\">De acordo com dados da OMS, na semana passada foram registrados 1,6 milh\u00e3o de novos casos e quase 24 mil mortes no continente, em compara\u00e7\u00e3o com menos de 1&nbsp;milh\u00e3o h\u00e1 cinco semanas.<\/p>\n\n\n\n<p class=\"wp-block-paragraph\">Um total de 27 pa\u00edses europeus aplica atualmente restri\u00e7\u00f5es de intensidade vari\u00e1vel, dos quais 21 impuseram toque de recolher obrigat\u00f3rio. Nas duas \u00faltimas semanas, 23 Estados endureceram as medidas para conter a propaga\u00e7\u00e3o da pandemia, enquanto 13 abrandaram as restri\u00e7\u00f5es.<\/p>\n\n\n\n<p class=\"wp-block-paragraph\">Segundo o diretor regional da OMS para a Europa, Hans Henri Kluge, &#8220;agora n\u00e3o \u00e9 hora de relaxar&#8221;.<\/p>\n\n\n\n<p class=\"wp-block-paragraph\">&#8220;N\u00e3o podemos ignorar o perigo. Todos temos que fazer sacrif\u00edcios, n\u00e3o podemos permitir que a exaust\u00e3o nos derrote. Devemos continuar a conter o v\u00edrus&#8221;, disse Kluge.<\/p>\n\n\n\n<p class=\"wp-block-paragraph\">Para ele, na situa\u00e7\u00e3o atual, a &#8220;a\u00e7\u00e3o r\u00e1pida&#8221; e a implementa\u00e7\u00e3o de &#8220;medidas sociais e de sa\u00fade p\u00fablica&#8221; s\u00e3o necess\u00e1rias at\u00e9 que avance a campanha de vacina\u00e7\u00e3o.<\/p>\n\n\n\n<p class=\"wp-block-paragraph\">A OMS considerou que as medidas restritivas&nbsp;devem&nbsp;ser usadas &#8220;enquanto a doen\u00e7a exceder a capacidade dos servi\u00e7os de sa\u00fade para cuidar adequadamente dos pacientes e para acelerar a provis\u00e3o dos sistemas de sa\u00fade locais e nacionais&#8221;. Acrescentou que os casos est\u00e3o aumentando&nbsp;em todas as faixas et\u00e1rias, exceto naquelas de&nbsp;mais de 80 anos, que, na&nbsp;sua opini\u00e3o, mostram &#8220;os primeiros sinais do impacto da vacina\u00e7\u00e3o&#8221;.<\/p>\n\n\n\n<p class=\"wp-block-paragraph\">A Europa \u00e9 a segunda regi\u00e3o com mais casos de covid-19. O n\u00famero total de positivos gira em torno de 45 milh\u00f5es e o n\u00famero de mortos \u00e9 pr\u00f3ximo a 1&nbsp;milh\u00e3o, segundo dados da OMS.<\/p>\n\n\n\n<p class=\"wp-block-paragraph\">Cerca de 50 pa\u00edses da regi\u00e3o j\u00e1 indicaram que a variante B.1.1.7, inicialmente detectada no Reino Unido, \u00e9 a que predomina em seus territ\u00f3rios.<\/p>\n\n\n\n<p class=\"wp-block-paragraph\">A pandemia de covid-19 provocou, pelo menos, 2,8 milh\u00f5es de mortes no mundo, resultantes de mais de 128,1 milh\u00f5es de casos de infec\u00e7\u00e3o, segundo balan\u00e7o feito pela ag\u00eancia francesa AFP.<\/p>\n\n\n\n<p class=\"wp-block-paragraph\"><em>Ag\u00eancia Brasil<\/em><\/p>\n","protected":false},"excerpt":{"rendered":"<p>A Organiza\u00e7\u00e3o Mundial da Sa\u00fade (OMS) descreveu hoje (1\u00ba) como &#8220;necess\u00e1rias&#8221; novas restri\u00e7\u00f5es na Europa devido ao crescente n\u00famero de casos do SARS-CoV-2, em meio ao&nbsp;avan\u00e7o da variante brit\u00e2nica e ao aumento da mobilidade pela semana da P\u00e1scoa. &#8220;A situa\u00e7\u00e3o na regi\u00e3o \u00e9 agora mais preocupante do que vimos em v\u00e1rios meses&#8221;, disse a diretora regional da OMS para Emerg\u00eancias na Europa, Dorit Nitzan. &#8220;Muitos pa\u00edses est\u00e3o adotando&nbsp;novas medidas que s\u00e3o necess\u00e1rias e todos devem segui-las tanto quanto poss\u00edvel&#8221;, acrescentou Nitzan. Em sua opini\u00e3o, tamb\u00e9m existem &#8220;riscos associados&#8221; ao &#8220;aumento da mobilidade&#8221; e \u00e0s reuni\u00f5es neste&nbsp;feriado&nbsp;da P\u00e1scoa. Em nota, do seu escrit\u00f3rio europeu, a OMS tamb\u00e9m chamou de &#8220;inaceitavelmente&#8221; lento o ritmo da campanha de vacina\u00e7\u00e3o no continente. De acordo com dados da OMS, na semana passada foram registrados 1,6 milh\u00e3o de novos casos e quase 24 mil mortes no continente, em compara\u00e7\u00e3o com menos de 1&nbsp;milh\u00e3o h\u00e1 cinco semanas. Um total de 27 pa\u00edses europeus aplica atualmente restri\u00e7\u00f5es de intensidade vari\u00e1vel, dos quais 21 impuseram toque de recolher obrigat\u00f3rio. Nas duas \u00faltimas semanas, 23 Estados endureceram as medidas para conter a propaga\u00e7\u00e3o da pandemia, enquanto 13 abrandaram as restri\u00e7\u00f5es. Segundo o diretor regional da OMS para a Europa, Hans Henri Kluge, &#8220;agora n\u00e3o \u00e9 hora de relaxar&#8221;. &#8220;N\u00e3o podemos ignorar o perigo. Todos temos que fazer sacrif\u00edcios, n\u00e3o podemos permitir que a exaust\u00e3o nos derrote. Devemos continuar a conter o v\u00edrus&#8221;, disse Kluge. Para ele, na situa\u00e7\u00e3o atual, a &#8220;a\u00e7\u00e3o r\u00e1pida&#8221; e a implementa\u00e7\u00e3o de &#8220;medidas sociais e de sa\u00fade p\u00fablica&#8221; s\u00e3o necess\u00e1rias at\u00e9 que avance a campanha de vacina\u00e7\u00e3o. A OMS considerou que as medidas restritivas&nbsp;devem&nbsp;ser usadas &#8220;enquanto a doen\u00e7a exceder a capacidade dos servi\u00e7os de sa\u00fade para cuidar adequadamente dos pacientes e para acelerar a provis\u00e3o dos sistemas de sa\u00fade locais e nacionais&#8221;. Acrescentou que os casos est\u00e3o aumentando&nbsp;em todas as faixas et\u00e1rias, exceto naquelas de&nbsp;mais de 80 anos, que, na&nbsp;sua opini\u00e3o, mostram &#8220;os primeiros sinais do impacto da vacina\u00e7\u00e3o&#8221;. A Europa \u00e9 a segunda regi\u00e3o com mais casos de covid-19. O n\u00famero total de positivos gira em torno de 45 milh\u00f5es e o n\u00famero de mortos \u00e9 pr\u00f3ximo a 1&nbsp;milh\u00e3o, segundo dados da OMS. Cerca de 50 pa\u00edses da regi\u00e3o j\u00e1 indicaram que a variante B.1.1.7, inicialmente detectada no Reino Unido, \u00e9 a que predomina em seus territ\u00f3rios. A pandemia de covid-19 provocou, pelo menos, 2,8 milh\u00f5es de mortes no mundo, resultantes de mais de 128,1 milh\u00f5es de casos de infec\u00e7\u00e3o, segundo balan\u00e7o feito pela ag\u00eancia francesa AFP. Ag\u00eancia Brasil<\/p>\n","protected":false},"author":6,"featured_media":212653,"comment_status":"closed","ping_status":"closed","sticky":false,"template":"","format":"standard","meta":{"sfsi_plus_gutenberg_text_before_share":"","sfsi_plus_gutenberg_show_text_before_share":"","sfsi_plus_gutenberg_icon_type":"","sfsi_plus_gutenberg_icon_alignemt":"","sfsi_plus_gutenburg_max_per_row":"","footnotes":""},"categories":[50,2,103],"tags":[],"class_list":["post-212652","post","type-post","status-publish","format-standard","has-post-thumbnail","hentry","category-destaque","category-geral","category-mundo"],"_links":{"self":[{"href":"https:\/\/www.caririemacao.com\/1\/wp-json\/wp\/v2\/posts\/212652","targetHints":{"allow":["GET"]}}],"collection":[{"href":"https:\/\/www.caririemacao.com\/1\/wp-json\/wp\/v2\/posts"}],"about":[{"href":"https:\/\/www.caririemacao.com\/1\/wp-json\/wp\/v2\/types\/post"}],"author":[{"embeddable":true,"href":"https:\/\/www.caririemacao.com\/1\/wp-json\/wp\/v2\/users\/6"}],"replies":[{"embeddable":true,"href":"https:\/\/www.caririemacao.com\/1\/wp-json\/wp\/v2\/comments?post=212652"}],"version-history":[{"count":1,"href":"https:\/\/www.caririemacao.com\/1\/wp-json\/wp\/v2\/posts\/212652\/revisions"}],"predecessor-version":[{"id":212654,"href":"https:\/\/www.caririemacao.com\/1\/wp-json\/wp\/v2\/posts\/212652\/revisions\/212654"}],"wp:featuredmedia":[{"embeddable":true,"href":"https:\/\/www.caririemacao.com\/1\/wp-json\/wp\/v2\/media\/212653"}],"wp:attachment":[{"href":"https:\/\/www.caririemacao.com\/1\/wp-json\/wp\/v2\/media?parent=212652"}],"wp:term":[{"taxonomy":"category","embeddable":true,"href":"https:\/\/www.caririemacao.com\/1\/wp-json\/wp\/v2\/categories?post=212652"},{"taxonomy":"post_tag","embeddable":true,"href":"https:\/\/www.caririemacao.com\/1\/wp-json\/wp\/v2\/tags?post=212652"}],"curies":[{"name":"wp","href":"https:\/\/api.w.org\/{rel}","templated":true}]}}