{"id":212818,"date":"2021-04-05T09:12:34","date_gmt":"2021-04-05T12:12:34","guid":{"rendered":"https:\/\/www.caririemacao.com\/1\/?p=212818"},"modified":"2021-04-05T09:12:37","modified_gmt":"2021-04-05T12:12:37","slug":"novo-normal-100-do-estado-da-pb-esta-em-bandeira-vermelha-ou-laranja-segundo-avaliacao","status":"publish","type":"post","link":"https:\/\/www.caririemacao.com\/1\/2021\/04\/05\/novo-normal-100-do-estado-da-pb-esta-em-bandeira-vermelha-ou-laranja-segundo-avaliacao\/","title":{"rendered":"Novo Normal: 100% do estado da PB est\u00e1 em bandeira vermelha ou laranja, segundo avalia\u00e7\u00e3o"},"content":{"rendered":"\n<p>A avalia\u00e7\u00e3o do Plano Novo Normal, do governo da Para\u00edba, mostrou uma piora do cen\u00e1rio da pandemia no estado, com todas as cidades em bandeira vermelha ou laranja. Comparado a \u00faltima avalia\u00e7\u00e3o, o n\u00famero de munic\u00edpios na vermelha mudou pouco: caiu de 15 para 13. J\u00e1 na laranja, o n\u00famero subiu de 205 para 210, o total de cidades classificadas com n\u00edvel de mobilidade restritiva.<\/p>\n\n\n\n<p>Desde o in\u00edcio do Plano Novo Normal, em junho de 2020, \u00e9 a primeira vez que a classifica\u00e7\u00e3o feita pelo governo traz 100% das cidades paraibanas nas modalidades \u201crestritiva\u201d e \u201cimpedida\u201d.<\/p>\n\n\n\n<p>Essa \u00e9 a terceira avalia\u00e7\u00e3o consecutiva em que a bandeira verde &#8211; que indica normalidade &#8211; se encontra zerada. J\u00e1 a bandeira amarela esteve presente no mapa do estado em apenas tr\u00eas munic\u00edpios na pen\u00faltima avalia\u00e7\u00e3o,&nbsp;<a href=\"https:\/\/g1.globo.com\/pb\/paraiba\/noticia\/2021\/03\/20\/novo-normal-pandemia-piora-na-pb-com-aumento-de-cidades-em-bandeira-vermelha.ghtml\">divulgada em 20 de mar\u00e7o<\/a>.<\/p>\n\n\n\n<p>Os 12 munic\u00edpios que fazem a regi\u00e3o metropolitana de Jo\u00e3o Pessoa est\u00e3o classificados na bandeira laranja. Al\u00e9m disso, Campina Grande tamb\u00e9m \u00e9 uma das cidades classificadas nesta bandeira.<\/p>\n\n\n\n<p>A 22\u00aa avalia\u00e7\u00e3o mostrou ainda que a Para\u00edba tem uma m\u00e9dia de interna\u00e7\u00e3o a cada 14 minutos em raz\u00e3o do agravamento da doen\u00e7a em todo o estado.<\/p>\n\n\n\n<p>Na taxa de letalidade, o estado tem 73 cidades que est\u00e3o acima da m\u00e9dia estadual, com 2,2% de letalidade pelo novo coronav\u00edrus.<\/p>\n\n\n\n<p>O Plano Novo Normal \u00e9 a matriz de orienta\u00e7\u00e3o do estado para o funcionamentol das atividades econ\u00f4micas, indicando quais segmentos devem funcionar.<\/p>\n\n\n\n<p>De acordo com o novo decreto, bares, restaurantes e conveni\u00eancias podem abrir das 6h \u00e0s 22h para atendimento no pr\u00f3prio local. Neste tipo de estabelecimento, a capacidade m\u00e1xima deve ser de 30% de ocupa\u00e7\u00e3o para ambientes fechados e 50% para ambientes abertos ao ar livre.<\/p>\n\n\n\n<p>J\u00e1 os centros comerciais e shoppings centers dever\u00e3o obedecer ao hor\u00e1rio de funcionamento de 10h \u00e0s 22h, monitorando a quantidade de pessoas no interior destes locais, al\u00e9m de verificar a temperatura dos consumidores na entrada e de disponibilizar \u00e1lcool gel.<\/p>\n\n\n\n<p>A Secretaria de Estado da Sa\u00fade destaca a necessidade de m\u00e1ximo empenho da popula\u00e7\u00e3o, no sentido de seguirem usando m\u00e1scaras com frequ\u00eancia, n\u00e3o aglomerando, ou seja, convivendo apenas com seu n\u00facleo familiar b\u00e1sico, al\u00e9m de manter boa higiene das m\u00e3os.<\/p>\n","protected":false},"excerpt":{"rendered":"<p>A avalia\u00e7\u00e3o do Plano Novo Normal, do governo da Para\u00edba, mostrou uma piora do cen\u00e1rio da pandemia no estado, com todas as cidades em bandeira&hellip; <\/p>\n","protected":false},"author":6,"featured_media":212819,"comment_status":"closed","ping_status":"closed","sticky":false,"template":"","format":"standard","meta":{"sfsi_plus_gutenberg_text_before_share":"","sfsi_plus_gutenberg_show_text_before_share":"","sfsi_plus_gutenberg_icon_type":"","sfsi_plus_gutenberg_icon_alignemt":"","sfsi_plus_gutenburg_max_per_row":"","footnotes":""},"categories":[50],"tags":[],"class_list":["post-212818","post","type-post","status-publish","format-standard","has-post-thumbnail","hentry","category-destaque"],"_links":{"self":[{"href":"https:\/\/www.caririemacao.com\/1\/wp-json\/wp\/v2\/posts\/212818","targetHints":{"allow":["GET"]}}],"collection":[{"href":"https:\/\/www.caririemacao.com\/1\/wp-json\/wp\/v2\/posts"}],"about":[{"href":"https:\/\/www.caririemacao.com\/1\/wp-json\/wp\/v2\/types\/post"}],"author":[{"embeddable":true,"href":"https:\/\/www.caririemacao.com\/1\/wp-json\/wp\/v2\/users\/6"}],"replies":[{"embeddable":true,"href":"https:\/\/www.caririemacao.com\/1\/wp-json\/wp\/v2\/comments?post=212818"}],"version-history":[{"count":1,"href":"https:\/\/www.caririemacao.com\/1\/wp-json\/wp\/v2\/posts\/212818\/revisions"}],"predecessor-version":[{"id":212820,"href":"https:\/\/www.caririemacao.com\/1\/wp-json\/wp\/v2\/posts\/212818\/revisions\/212820"}],"wp:featuredmedia":[{"embeddable":true,"href":"https:\/\/www.caririemacao.com\/1\/wp-json\/wp\/v2\/media\/212819"}],"wp:attachment":[{"href":"https:\/\/www.caririemacao.com\/1\/wp-json\/wp\/v2\/media?parent=212818"}],"wp:term":[{"taxonomy":"category","embeddable":true,"href":"https:\/\/www.caririemacao.com\/1\/wp-json\/wp\/v2\/categories?post=212818"},{"taxonomy":"post_tag","embeddable":true,"href":"https:\/\/www.caririemacao.com\/1\/wp-json\/wp\/v2\/tags?post=212818"}],"curies":[{"name":"wp","href":"https:\/\/api.w.org\/{rel}","templated":true}]}}