{"id":212853,"date":"2021-04-05T12:51:44","date_gmt":"2021-04-05T15:51:44","guid":{"rendered":"https:\/\/www.caririemacao.com\/1\/?p=212853"},"modified":"2021-04-05T12:51:45","modified_gmt":"2021-04-05T15:51:45","slug":"efraim-se-reune-com-veneziano-e-agradece-apoio-para-disputa-do-senado","status":"publish","type":"post","link":"https:\/\/www.caririemacao.com\/1\/2021\/04\/05\/efraim-se-reune-com-veneziano-e-agradece-apoio-para-disputa-do-senado\/","title":{"rendered":"Efraim se re\u00fane com Veneziano e agradece apoio para disputa do Senado"},"content":{"rendered":"\n<p class=\"wp-block-paragraph\">O deputado Efraim usou suas redes sociais para agradecer o an\u00fancio do apoio ao seu nome na disputa para o Senado 2022. Em entrevista a r\u00e1dio durante a semana, Veneziano disparou que Efraim \u00e9 o melhor nome para compor a chapa e representar a Para\u00edba no Senado Federal. Eles estiveram juntos durante o feriado discutindo estrat\u00e9gias, planejando alian\u00e7as e estudando as pesquisas que tem apontado Efraim na lideran\u00e7a do processo durantes os primeiros levantamentos.<\/p>\n\n\n\n<p class=\"wp-block-paragraph\">Para Efraim \u201ceste apoio \u00e9 um fato com ampla repercuss\u00e3o em todas as regi\u00f5es do Estado, na sociedade e na classe pol\u00edtica. Agrade\u00e7o a confian\u00e7a do amigo Veneziano. S\u00e3o palavras que mostram que estamos no rumo certo, Para\u00edba com vez e voz no debate dos grandes temas do cen\u00e1rio nacional.\u201d Novos apoios s\u00e3o esperados durante essa semana para fortalecer ainda mais o planejamento.<ins><\/ins><\/p>\n","protected":false},"excerpt":{"rendered":"<p>O deputado Efraim usou suas redes sociais para agradecer o an\u00fancio do apoio ao seu nome na disputa para o Senado 2022. Em entrevista a r\u00e1dio durante a semana, Veneziano disparou que Efraim \u00e9 o melhor nome para compor a chapa e representar a Para\u00edba no Senado Federal. Eles estiveram juntos durante o feriado discutindo estrat\u00e9gias, planejando alian\u00e7as e estudando as pesquisas que tem apontado Efraim na lideran\u00e7a do processo durantes os primeiros levantamentos. Para Efraim \u201ceste apoio \u00e9 um fato com ampla repercuss\u00e3o em todas as regi\u00f5es do Estado, na sociedade e na classe pol\u00edtica. Agrade\u00e7o a confian\u00e7a do amigo Veneziano. S\u00e3o palavras que mostram que estamos no rumo certo, Para\u00edba com vez e voz no debate dos grandes temas do cen\u00e1rio nacional.\u201d Novos apoios s\u00e3o esperados durante essa semana para fortalecer ainda mais o planejamento.<\/p>\n","protected":false},"author":6,"featured_media":212854,"comment_status":"closed","ping_status":"closed","sticky":false,"template":"","format":"standard","meta":{"sfsi_plus_gutenberg_text_before_share":"","sfsi_plus_gutenberg_show_text_before_share":"","sfsi_plus_gutenberg_icon_type":"","sfsi_plus_gutenberg_icon_alignemt":"","sfsi_plus_gutenburg_max_per_row":"","footnotes":""},"categories":[11],"tags":[],"class_list":["post-212853","post","type-post","status-publish","format-standard","has-post-thumbnail","hentry","category-politica"],"_links":{"self":[{"href":"https:\/\/www.caririemacao.com\/1\/wp-json\/wp\/v2\/posts\/212853","targetHints":{"allow":["GET"]}}],"collection":[{"href":"https:\/\/www.caririemacao.com\/1\/wp-json\/wp\/v2\/posts"}],"about":[{"href":"https:\/\/www.caririemacao.com\/1\/wp-json\/wp\/v2\/types\/post"}],"author":[{"embeddable":true,"href":"https:\/\/www.caririemacao.com\/1\/wp-json\/wp\/v2\/users\/6"}],"replies":[{"embeddable":true,"href":"https:\/\/www.caririemacao.com\/1\/wp-json\/wp\/v2\/comments?post=212853"}],"version-history":[{"count":1,"href":"https:\/\/www.caririemacao.com\/1\/wp-json\/wp\/v2\/posts\/212853\/revisions"}],"predecessor-version":[{"id":212855,"href":"https:\/\/www.caririemacao.com\/1\/wp-json\/wp\/v2\/posts\/212853\/revisions\/212855"}],"wp:featuredmedia":[{"embeddable":true,"href":"https:\/\/www.caririemacao.com\/1\/wp-json\/wp\/v2\/media\/212854"}],"wp:attachment":[{"href":"https:\/\/www.caririemacao.com\/1\/wp-json\/wp\/v2\/media?parent=212853"}],"wp:term":[{"taxonomy":"category","embeddable":true,"href":"https:\/\/www.caririemacao.com\/1\/wp-json\/wp\/v2\/categories?post=212853"},{"taxonomy":"post_tag","embeddable":true,"href":"https:\/\/www.caririemacao.com\/1\/wp-json\/wp\/v2\/tags?post=212853"}],"curies":[{"name":"wp","href":"https:\/\/api.w.org\/{rel}","templated":true}]}}