{"id":212862,"date":"2021-04-05T13:13:07","date_gmt":"2021-04-05T16:13:07","guid":{"rendered":"https:\/\/www.caririemacao.com\/1\/?p=212862"},"modified":"2021-04-05T13:13:09","modified_gmt":"2021-04-05T16:13:09","slug":"preco-do-gas-de-cozinha-sofre-3o-reajuste-no-ano-e-fica-mais-caro-a-partir-desta-segunda","status":"publish","type":"post","link":"https:\/\/www.caririemacao.com\/1\/2021\/04\/05\/preco-do-gas-de-cozinha-sofre-3o-reajuste-no-ano-e-fica-mais-caro-a-partir-desta-segunda\/","title":{"rendered":"Pre\u00e7o do g\u00e1s de cozinha sofre 3\u00ba reajuste no ano e fica mais caro a partir desta segunda"},"content":{"rendered":"\n<p class=\"wp-block-paragraph\">O g\u00e1s de cozinha fica mais caro na Para\u00edba a partir desta segunda-feira (5). A previs\u00e3o \u00e9 de que o produto seja comercializado entre R$ 95 e R$ 100, cerca de R$ 5 mais caro do que antes.<\/p>\n\n\n\n<p class=\"wp-block-paragraph\">Este \u00e9 o terceiro ajuste no pre\u00e7o do botij\u00e3o em 2021. De acordo com o Sindicato dos Revendedores de G\u00e1s GLP (Sinreg\u00e1s-PB), o percentual de 5% corresponde a soma dos reajustes do imposto aplicado pelo Governo do Estado e tamb\u00e9m autorizado pela Petrobras, que teve o \u00faltimo aumento registrado no dia 2 de mar\u00e7o.<\/p>\n\n\n\n<p class=\"wp-block-paragraph\">Segundo o Sinreg\u00e1s, al\u00e9m de aplicar o tributo a cada 15 dias, o Governo da Para\u00edba vem estabelecendo os c\u00e1lculos para cobran\u00e7a, com base no valor maior comercializado e n\u00e3o pela m\u00e9dia como assim estabelece o crit\u00e9rio de c\u00e1lculo atribu\u00eddo ao pre\u00e7o m\u00e9dio preponderante final (PMPF).<\/p>\n\n\n\n<p class=\"wp-block-paragraph\">\u201cEstamos atravessando um momento dif\u00edcil, pois al\u00e9m de administrar os constantes aumentos da Petrobras, que vem tentando negociar com os representantes do segmento uma solu\u00e7\u00e3o para se buscar a estabilidade dos pre\u00e7os, agora enfrentamos um outro problema que \u00e9 a aplica\u00e7\u00e3o de um percentual incompat\u00edvel com o pre\u00e7o m\u00e9dio preponderante, por parte do Governo Estadual\u201d, diz o presidente do Sinreg\u00e1s-PB, Marcos Ant\u00f4nio Bezerra.<\/p>\n\n\n\n<p class=\"wp-block-paragraph\">O Governo do Estado n\u00e3o se manifestou sobre o assunto.<\/p>\n\n\n\n<p class=\"wp-block-paragraph\">O Sinreg\u00e1s-PB orienta aos consumidores para que somente adquiram o g\u00e1s de cozinha em revendas regulamentadas, pois elas atendem aos padr\u00f5es exigidos pelo C\u00f3digo de Defesa do Consumidor e exijam sempre o cupom fiscal.<\/p>\n","protected":false},"excerpt":{"rendered":"<p>O g\u00e1s de cozinha fica mais caro na Para\u00edba a partir desta segunda-feira (5). A previs\u00e3o \u00e9 de que o produto seja comercializado entre R$ 95 e R$ 100, cerca de R$ 5 mais caro do que antes. Este \u00e9 o terceiro ajuste no pre\u00e7o do botij\u00e3o em 2021. De acordo com o Sindicato dos Revendedores de G\u00e1s GLP (Sinreg\u00e1s-PB), o percentual de 5% corresponde a soma dos reajustes do imposto aplicado pelo Governo do Estado e tamb\u00e9m autorizado pela Petrobras, que teve o \u00faltimo aumento registrado no dia 2 de mar\u00e7o. Segundo o Sinreg\u00e1s, al\u00e9m de aplicar o tributo a cada 15 dias, o Governo da Para\u00edba vem estabelecendo os c\u00e1lculos para cobran\u00e7a, com base no valor maior comercializado e n\u00e3o pela m\u00e9dia como assim estabelece o crit\u00e9rio de c\u00e1lculo atribu\u00eddo ao pre\u00e7o m\u00e9dio preponderante final (PMPF). \u201cEstamos atravessando um momento dif\u00edcil, pois al\u00e9m de administrar os constantes aumentos da Petrobras, que vem tentando negociar com os representantes do segmento uma solu\u00e7\u00e3o para se buscar a estabilidade dos pre\u00e7os, agora enfrentamos um outro problema que \u00e9 a aplica\u00e7\u00e3o de um percentual incompat\u00edvel com o pre\u00e7o m\u00e9dio preponderante, por parte do Governo Estadual\u201d, diz o presidente do Sinreg\u00e1s-PB, Marcos Ant\u00f4nio Bezerra. O Governo do Estado n\u00e3o se manifestou sobre o assunto. O Sinreg\u00e1s-PB orienta aos consumidores para que somente adquiram o g\u00e1s de cozinha em revendas regulamentadas, pois elas atendem aos padr\u00f5es exigidos pelo C\u00f3digo de Defesa do Consumidor e exijam sempre o cupom fiscal.<\/p>\n","protected":false},"author":6,"featured_media":212863,"comment_status":"closed","ping_status":"closed","sticky":false,"template":"","format":"standard","meta":{"sfsi_plus_gutenberg_text_before_share":"","sfsi_plus_gutenberg_show_text_before_share":"","sfsi_plus_gutenberg_icon_type":"","sfsi_plus_gutenberg_icon_alignemt":"","sfsi_plus_gutenburg_max_per_row":"","footnotes":""},"categories":[50,107],"tags":[],"class_list":["post-212862","post","type-post","status-publish","format-standard","has-post-thumbnail","hentry","category-destaque","category-economia"],"_links":{"self":[{"href":"https:\/\/www.caririemacao.com\/1\/wp-json\/wp\/v2\/posts\/212862","targetHints":{"allow":["GET"]}}],"collection":[{"href":"https:\/\/www.caririemacao.com\/1\/wp-json\/wp\/v2\/posts"}],"about":[{"href":"https:\/\/www.caririemacao.com\/1\/wp-json\/wp\/v2\/types\/post"}],"author":[{"embeddable":true,"href":"https:\/\/www.caririemacao.com\/1\/wp-json\/wp\/v2\/users\/6"}],"replies":[{"embeddable":true,"href":"https:\/\/www.caririemacao.com\/1\/wp-json\/wp\/v2\/comments?post=212862"}],"version-history":[{"count":1,"href":"https:\/\/www.caririemacao.com\/1\/wp-json\/wp\/v2\/posts\/212862\/revisions"}],"predecessor-version":[{"id":212864,"href":"https:\/\/www.caririemacao.com\/1\/wp-json\/wp\/v2\/posts\/212862\/revisions\/212864"}],"wp:featuredmedia":[{"embeddable":true,"href":"https:\/\/www.caririemacao.com\/1\/wp-json\/wp\/v2\/media\/212863"}],"wp:attachment":[{"href":"https:\/\/www.caririemacao.com\/1\/wp-json\/wp\/v2\/media?parent=212862"}],"wp:term":[{"taxonomy":"category","embeddable":true,"href":"https:\/\/www.caririemacao.com\/1\/wp-json\/wp\/v2\/categories?post=212862"},{"taxonomy":"post_tag","embeddable":true,"href":"https:\/\/www.caririemacao.com\/1\/wp-json\/wp\/v2\/tags?post=212862"}],"curies":[{"name":"wp","href":"https:\/\/api.w.org\/{rel}","templated":true}]}}