{"id":212869,"date":"2021-04-05T13:20:02","date_gmt":"2021-04-05T16:20:02","guid":{"rendered":"https:\/\/www.caririemacao.com\/1\/?p=212869"},"modified":"2021-04-05T13:20:04","modified_gmt":"2021-04-05T16:20:04","slug":"caminhonete-com-placa-de-recife-e-abandonada-na-zona-rural-de-camalau","status":"publish","type":"post","link":"https:\/\/www.caririemacao.com\/1\/2021\/04\/05\/caminhonete-com-placa-de-recife-e-abandonada-na-zona-rural-de-camalau\/","title":{"rendered":"Caminhonete com placa de Recife \u00e9 abandonada na zona rural de Camala\u00fa"},"content":{"rendered":"\n<p class=\"wp-block-paragraph\">A delegacia do munic\u00edpio de&nbsp; Sum\u00e9 recebeu neste domingo uma caminhonete Toyota\/Hilux que foi encontrada na zona rural do munic\u00edpio de Camala\u00fa no cariri Paraibano.<\/p>\n\n\n\n<p class=\"wp-block-paragraph\">Ap\u00f3s tomar conhecimento do abandono do ve\u00edculo em um s\u00edtio na zona rural do munic\u00edpio, na estrada que d\u00e1 acesso \u00e0 BR-412, a Pol\u00edcia realizou os procedimentos de praxe.<\/p>\n\n\n\n<p class=\"wp-block-paragraph\">Segundo informa\u00e7\u00f5es, h\u00e1 suspeita de que a caminhonete de Recife com placa (PCI-0873) seja clonada.<\/p>\n","protected":false},"excerpt":{"rendered":"<p>A delegacia do munic\u00edpio de&nbsp; Sum\u00e9 recebeu neste domingo uma caminhonete Toyota\/Hilux que foi encontrada na zona rural do munic\u00edpio de Camala\u00fa no cariri Paraibano. Ap\u00f3s tomar conhecimento do abandono do ve\u00edculo em um s\u00edtio na zona rural do munic\u00edpio, na estrada que d\u00e1 acesso \u00e0 BR-412, a Pol\u00edcia realizou os procedimentos de praxe. Segundo informa\u00e7\u00f5es, h\u00e1 suspeita de que a caminhonete de Recife com placa (PCI-0873) seja clonada.<\/p>\n","protected":false},"author":6,"featured_media":212870,"comment_status":"closed","ping_status":"closed","sticky":false,"template":"","format":"standard","meta":{"sfsi_plus_gutenberg_text_before_share":"","sfsi_plus_gutenberg_show_text_before_share":"","sfsi_plus_gutenberg_icon_type":"","sfsi_plus_gutenberg_icon_alignemt":"","sfsi_plus_gutenburg_max_per_row":"","footnotes":""},"categories":[6,12],"tags":[],"class_list":["post-212869","post","type-post","status-publish","format-standard","has-post-thumbnail","hentry","category-cidades","category-policia"],"_links":{"self":[{"href":"https:\/\/www.caririemacao.com\/1\/wp-json\/wp\/v2\/posts\/212869","targetHints":{"allow":["GET"]}}],"collection":[{"href":"https:\/\/www.caririemacao.com\/1\/wp-json\/wp\/v2\/posts"}],"about":[{"href":"https:\/\/www.caririemacao.com\/1\/wp-json\/wp\/v2\/types\/post"}],"author":[{"embeddable":true,"href":"https:\/\/www.caririemacao.com\/1\/wp-json\/wp\/v2\/users\/6"}],"replies":[{"embeddable":true,"href":"https:\/\/www.caririemacao.com\/1\/wp-json\/wp\/v2\/comments?post=212869"}],"version-history":[{"count":1,"href":"https:\/\/www.caririemacao.com\/1\/wp-json\/wp\/v2\/posts\/212869\/revisions"}],"predecessor-version":[{"id":212871,"href":"https:\/\/www.caririemacao.com\/1\/wp-json\/wp\/v2\/posts\/212869\/revisions\/212871"}],"wp:featuredmedia":[{"embeddable":true,"href":"https:\/\/www.caririemacao.com\/1\/wp-json\/wp\/v2\/media\/212870"}],"wp:attachment":[{"href":"https:\/\/www.caririemacao.com\/1\/wp-json\/wp\/v2\/media?parent=212869"}],"wp:term":[{"taxonomy":"category","embeddable":true,"href":"https:\/\/www.caririemacao.com\/1\/wp-json\/wp\/v2\/categories?post=212869"},{"taxonomy":"post_tag","embeddable":true,"href":"https:\/\/www.caririemacao.com\/1\/wp-json\/wp\/v2\/tags?post=212869"}],"curies":[{"name":"wp","href":"https:\/\/api.w.org\/{rel}","templated":true}]}}