{"id":213608,"date":"2021-04-09T15:35:24","date_gmt":"2021-04-09T18:35:24","guid":{"rendered":"https:\/\/www.caririemacao.com\/1\/?p=213608"},"modified":"2021-04-09T15:35:27","modified_gmt":"2021-04-09T18:35:27","slug":"desmatamento-na-amazonia-bate-recorde-em-marco","status":"publish","type":"post","link":"https:\/\/www.caririemacao.com\/1\/2021\/04\/09\/desmatamento-na-amazonia-bate-recorde-em-marco\/","title":{"rendered":"Desmatamento na Amaz\u00f4nia bate recorde em mar\u00e7o"},"content":{"rendered":"\n<p class=\"wp-block-paragraph\">Os alertas de desmatamento na\u00a0Amaz\u00f4nia\u00a0em mar\u00e7o foram os maiores j\u00e1 registrados para o m\u00eas desde o come\u00e7o da s\u00e9rie hist\u00f3rica, segundo dados do Instituto de Pesquisas Espaciais (Inpe). Foram 367, km\u00b2 no m\u00eas passado, conforme medi\u00e7\u00f5es do Sistema de Detec\u00e7\u00e3o de Desmatamento em Tempo Real (Deter).<\/p>\n\n\n\n<p class=\"wp-block-paragraph\">Em mar\u00e7o de 2020, foram 326,9 km\u00b2. Na s\u00e9rie hist\u00f3rica, que considera os dados das temporadas desde 2015, o m\u00eas de mar\u00e7o com maior devasta\u00e7\u00e3o verificada pelos sat\u00e9lites foi em 356 km\u00b2 no per\u00edodo. <\/p>\n\n\n\n<h5 class=\"wp-block-heading\">Desmatamento na gest\u00e3o Bolsonaro<\/h5>\n\n\n\n<p class=\"wp-block-paragraph\">Em nota, o Greenpeace alerta que o aumento de 12,5% na medi\u00e7\u00f5es ocorreu mesmo com uma cobertura de nuvens superior, que pode ter dificultado a leitura dos radares do Deter.<\/p>\n\n\n\n<blockquote class=\"wp-block-quote is-layout-flow wp-block-quote-is-layout-flow\"><p>\u201cO que j\u00e1 \u00e9 ruim pode piorar, com Ricardo Salles trabalhando contra o meio ambiente e o Congresso Nacional trabalhando para legalizar grilagem, flexibilizar o licenciamento ambiental e abrir terras ind\u00edgenas para minera\u00e7\u00e3o, o desmatamento tende a continuar em alta\u201d &#8211; Cristiane Mazzetti, Gestora Ambiental do Greenpeace.<\/p><\/blockquote>\n\n\n\n<p class=\"wp-block-paragraph\">O Greenpeace afirma que o atual governo \u00e9 respons\u00e1vel por um &#8220;aumento hist\u00f3rico do desmatamento com taxas anuais n\u00e3o observadas desde 2008, com 9% de aumento em 2020 comparado ao ano de 2019&#8221;. A organiza\u00e7\u00e3o ainda lembra a paralisa\u00e7\u00e3o do Fundo Amaz\u00f4nia e corte de recursos para a prote\u00e7\u00e3o do meio ambiente, como verificado no Projeto de Lei Or\u00e7ament\u00e1ria Anual (PLOA) 2021.<\/p>\n\n\n\n<p class=\"wp-block-paragraph\">A entidade aponta ainda que grandes pol\u00edgonos de desmatamento t\u00eam sido cada vez mais observados nas imagens de sat\u00e9lite, com \u00e1reas de at\u00e9 5 mil hectares.<\/p>\n\n\n\n<blockquote class=\"wp-block-quote is-layout-flow wp-block-quote-is-layout-flow\"><p>\u201cVoltamos \u00e0 era dos grandes desmatamentos e em meio a medidas que promovem o desmatamento na Amaz\u00f4nia e premiam os criminosos, o Deter de mar\u00e7o \u00e9 mais um motivo para que o governo Biden n\u00e3o assine um \u201ccheque em branco\u201d com o governo de Bolsonaro\u201d, completa Cristiane.<\/p><\/blockquote>\n","protected":false},"excerpt":{"rendered":"<p>Os alertas de desmatamento na\u00a0Amaz\u00f4nia\u00a0em mar\u00e7o foram os maiores j\u00e1 registrados para o m\u00eas desde o come\u00e7o da s\u00e9rie hist\u00f3rica, segundo dados do Instituto de Pesquisas Espaciais (Inpe). Foram 367, km\u00b2 no m\u00eas passado, conforme medi\u00e7\u00f5es do Sistema de Detec\u00e7\u00e3o de Desmatamento em Tempo Real (Deter). Em mar\u00e7o de 2020, foram 326,9 km\u00b2. Na s\u00e9rie hist\u00f3rica, que considera os dados das temporadas desde 2015, o m\u00eas de mar\u00e7o com maior devasta\u00e7\u00e3o verificada pelos sat\u00e9lites foi em 356 km\u00b2 no per\u00edodo. Desmatamento na gest\u00e3o Bolsonaro Em nota, o Greenpeace alerta que o aumento de 12,5% na medi\u00e7\u00f5es ocorreu mesmo com uma cobertura de nuvens superior, que pode ter dificultado a leitura dos radares do Deter. \u201cO que j\u00e1 \u00e9 ruim pode piorar, com Ricardo Salles trabalhando contra o meio ambiente e o Congresso Nacional trabalhando para legalizar grilagem, flexibilizar o licenciamento ambiental e abrir terras ind\u00edgenas para minera\u00e7\u00e3o, o desmatamento tende a continuar em alta\u201d &#8211; Cristiane Mazzetti, Gestora Ambiental do Greenpeace. O Greenpeace afirma que o atual governo \u00e9 respons\u00e1vel por um &#8220;aumento hist\u00f3rico do desmatamento com taxas anuais n\u00e3o observadas desde 2008, com 9% de aumento em 2020 comparado ao ano de 2019&#8221;. A organiza\u00e7\u00e3o ainda lembra a paralisa\u00e7\u00e3o do Fundo Amaz\u00f4nia e corte de recursos para a prote\u00e7\u00e3o do meio ambiente, como verificado no Projeto de Lei Or\u00e7ament\u00e1ria Anual (PLOA) 2021. A entidade aponta ainda que grandes pol\u00edgonos de desmatamento t\u00eam sido cada vez mais observados nas imagens de sat\u00e9lite, com \u00e1reas de at\u00e9 5 mil hectares. \u201cVoltamos \u00e0 era dos grandes desmatamentos e em meio a medidas que promovem o desmatamento na Amaz\u00f4nia e premiam os criminosos, o Deter de mar\u00e7o \u00e9 mais um motivo para que o governo Biden n\u00e3o assine um \u201ccheque em branco\u201d com o governo de Bolsonaro\u201d, completa Cristiane.<\/p>\n","protected":false},"author":6,"featured_media":213610,"comment_status":"closed","ping_status":"closed","sticky":false,"template":"","format":"standard","meta":{"sfsi_plus_gutenberg_text_before_share":"","sfsi_plus_gutenberg_show_text_before_share":"","sfsi_plus_gutenberg_icon_type":"","sfsi_plus_gutenberg_icon_alignemt":"","sfsi_plus_gutenburg_max_per_row":"","footnotes":""},"categories":[123],"tags":[],"class_list":["post-213608","post","type-post","status-publish","format-standard","has-post-thumbnail","hentry","category-brasil"],"_links":{"self":[{"href":"https:\/\/www.caririemacao.com\/1\/wp-json\/wp\/v2\/posts\/213608","targetHints":{"allow":["GET"]}}],"collection":[{"href":"https:\/\/www.caririemacao.com\/1\/wp-json\/wp\/v2\/posts"}],"about":[{"href":"https:\/\/www.caririemacao.com\/1\/wp-json\/wp\/v2\/types\/post"}],"author":[{"embeddable":true,"href":"https:\/\/www.caririemacao.com\/1\/wp-json\/wp\/v2\/users\/6"}],"replies":[{"embeddable":true,"href":"https:\/\/www.caririemacao.com\/1\/wp-json\/wp\/v2\/comments?post=213608"}],"version-history":[{"count":1,"href":"https:\/\/www.caririemacao.com\/1\/wp-json\/wp\/v2\/posts\/213608\/revisions"}],"predecessor-version":[{"id":213611,"href":"https:\/\/www.caririemacao.com\/1\/wp-json\/wp\/v2\/posts\/213608\/revisions\/213611"}],"wp:featuredmedia":[{"embeddable":true,"href":"https:\/\/www.caririemacao.com\/1\/wp-json\/wp\/v2\/media\/213610"}],"wp:attachment":[{"href":"https:\/\/www.caririemacao.com\/1\/wp-json\/wp\/v2\/media?parent=213608"}],"wp:term":[{"taxonomy":"category","embeddable":true,"href":"https:\/\/www.caririemacao.com\/1\/wp-json\/wp\/v2\/categories?post=213608"},{"taxonomy":"post_tag","embeddable":true,"href":"https:\/\/www.caririemacao.com\/1\/wp-json\/wp\/v2\/tags?post=213608"}],"curies":[{"name":"wp","href":"https:\/\/api.w.org\/{rel}","templated":true}]}}