{"id":213627,"date":"2021-04-09T16:22:53","date_gmt":"2021-04-09T19:22:53","guid":{"rendered":"https:\/\/www.caririemacao.com\/1\/?p=213627"},"modified":"2021-04-09T16:22:55","modified_gmt":"2021-04-09T19:22:55","slug":"mesmo-apos-quarentena-na-prisao-mae-de-henry-permanecera-isolada-das-outras-detentas-veja-a-cela-onde-monique-esta","status":"publish","type":"post","link":"https:\/\/www.caririemacao.com\/1\/2021\/04\/09\/mesmo-apos-quarentena-na-prisao-mae-de-henry-permanecera-isolada-das-outras-detentas-veja-a-cela-onde-monique-esta\/","title":{"rendered":"Mesmo ap\u00f3s quarentena na pris\u00e3o, m\u00e3e de Henry permanecer\u00e1 isolada das outras detentas; veja a cela onde Monique est\u00e1"},"content":{"rendered":"\n<p class=\"wp-block-paragraph\">Monique Medeiros, m\u00e3e do menino Henry Borel, dever\u00e1\u00a0permanecer em isolamento\u00a0na cadeia mesmo ap\u00f3s cumprir a quarentena de 14 dias, em obedi\u00eancia ao protocolo de Covid.<\/p>\n\n\n\n<p class=\"wp-block-paragraph\">O&nbsp;<strong>RJ1<\/strong>&nbsp;apurou que Monique&nbsp;n\u00e3o foi bem aceita pelas outras detentas&nbsp;no Instituto Penal Ismael Sirieiro, em Niter\u00f3i.<\/p>\n\n\n\n<p class=\"wp-block-paragraph\">A Pol\u00edcia Civil vai indiciar Monique e o vereador carioca Dr. Jairinho, padrasto de Henry, por\u00a0homic\u00eddio duplamente qualificado\u00a0e\u00a0<strong>tortura<\/strong>.\u00a0O casal foi preso nesta quinta-feira\u00a0(8), dentro das investiga\u00e7\u00f5es\u00a0da morte do menino.<\/p>\n\n\n\n<p class=\"wp-block-paragraph\">Eles\u00a0negam o crime\u00a0e dizem que n\u00e3o h\u00e1 nada a ser escondido.<\/p>\n\n\n\n<h4 class=\"wp-block-heading\">Cela s\u00f3 para Monique<\/h4>\n\n\n\n<figure class=\"wp-block-image\"><img decoding=\"async\" src=\"https:\/\/s2.glbimg.com\/6l2z02wnG_DkmAN99FRMomkaFfM=\/0x0:650x892\/984x0\/smart\/filters:strip_icc()\/i.s3.glbimg.com\/v1\/AUTH_59edd422c0c84a879bd37670ae4f538a\/internal_photos\/bs\/2021\/L\/B\/tutqhHRKWUuhve3uLm3w\/0904-cela-monique.jpg\" alt=\"Cela onde est\u00e1 presa Monique Medeiros \u2014 Foto: Infogr\u00e1fico: Amanda Paes\/G1\"\/><\/figure>\n\n\n\n<p class=\"wp-block-paragraph\">Cela onde est\u00e1 presa Monique Medeiros \u2014 Foto: Infogr\u00e1fico: Amanda Paes\/G1<\/p>\n\n\n\n<p class=\"wp-block-paragraph\">O&nbsp;<strong>RJ1&nbsp;<\/strong>recebeu imagens da cela onde a professora e ex-assistente do Tribunal de Contas do Munic\u00edpio est\u00e1.<\/p>\n\n\n\n<p class=\"wp-block-paragraph\">O espa\u00e7o, de\u00a0seis metros quadrados, tem um beliche com colchonetes, onde podem ser guardados produtos de higiene. Em uma das laterais h\u00e1 uma pia, um vaso sanit\u00e1rio e um chuveiro de \u00e1gua fria.<\/p>\n\n\n\n<p class=\"wp-block-paragraph\">J\u00e1 Dr. Jairinho est\u00e1 preso em Bangu 8, onde tamb\u00e9m est\u00e3o pol\u00edticos condenados por corrup\u00e7\u00e3o. O vereador vai passar 14 dias afastado para seguir o protocolo de preven\u00e7\u00e3o \u00e0 Covid.<\/p>\n\n\n\n<figure class=\"wp-block-image size-large\"><img fetchpriority=\"high\" decoding=\"async\" width=\"1008\" height=\"902\" src=\"https:\/\/www.caririemacao.com\/1\/wp-content\/uploads\/2021\/04\/09cela.jpg\" alt=\"\" class=\"wp-image-213632\" srcset=\"https:\/\/www.caririemacao.com\/1\/wp-content\/uploads\/2021\/04\/09cela.jpg 1008w, https:\/\/www.caririemacao.com\/1\/wp-content\/uploads\/2021\/04\/09cela-300x268.jpg 300w, https:\/\/www.caririemacao.com\/1\/wp-content\/uploads\/2021\/04\/09cela-768x687.jpg 768w\" sizes=\"(max-width: 1008px) 100vw, 1008px\" \/><\/figure>\n\n\n\n<p class=\"wp-block-paragraph\">Detalhes da cela onde Monique Medeiros est\u00e1 presa \u2014 Foto: Reprodu\u00e7\u00e3o\/TV Globo<\/p>\n\n\n\n<p class=\"wp-block-paragraph\">N\u00e3o havia informa\u00e7\u00f5es se Jairinho dividiria cela com outro preso ao fim desse prazo ou se se tamb\u00e9m ficaria em isolamento.<\/p>\n\n\n\n<figure class=\"wp-block-image\"><img decoding=\"async\" src=\"https:\/\/s04.video.glbimg.com\/x240\/9360547.jpg\" alt=\"V\u00cdDEO: O que se sabe sobre a morte do menino Henry Borel, no Rio\" title=\"V\u00cdDEO: O que se sabe sobre a morte do menino Henry Borel, no Rio\"\/><\/figure>\n\n\n\n<h2 class=\"wp-block-heading\">Look trocado no dia de depor<\/h2>\n\n\n\n<p class=\"wp-block-paragraph\">Em um celular de Monique apreendido no dia 26 de mar\u00e7o, os investigadores descobriram que, no dia em que prestou depoimento sobre a morte do filho, ela escolheu a roupa e o penteado que ia usar para ir \u00e0 delegacia.<\/p>\n\n\n\n<p class=\"wp-block-paragraph\">Uma selfie encontrada no telefone mostra Monique de preto, com o cabelo solto e um acess\u00f3rio dourado na cabe\u00e7a.<\/p>\n\n\n\n<p class=\"wp-block-paragraph\">Mas, na delegacia, estava com uma roupa branca e o cabelo preso, sem nenhum acess\u00f3rio.<\/p>\n\n\n\n<figure class=\"wp-block-image\"><img decoding=\"async\" src=\"https:\/\/s2.glbimg.com\/WG9DBIuE2rdVw0QQM8HqGGPKyT8=\/0x0:1033x879\/1008x0\/smart\/filters:strip_icc()\/i.s3.glbimg.com\/v1\/AUTH_59edd422c0c84a879bd37670ae4f538a\/internal_photos\/bs\/2021\/y\/Y\/ulAc3wQUiKU4Mri9J06w\/09look.jpg\" alt=\"Monique fez uma selfie com um look preto antes de depor; ela acabou indo toda de branco \u2014 Foto: Reprodu\u00e7\u00e3o\/TV Globo\"\/><\/figure>\n\n\n\n<p class=\"wp-block-paragraph\">Monique fez uma selfie com um look preto antes de depor; ela acabou indo toda de branco \u2014 Foto: Reprodu\u00e7\u00e3o\/TV Globo<\/p>\n\n\n\n<p class=\"wp-block-paragraph\">Dentro da delegacia, mais uma selfie. Dessa vez, com os p\u00e9s na cadeira e um esbo\u00e7o de sorriso no rosto.<\/p>\n\n\n\n<p class=\"wp-block-paragraph\">No dia seguinte ao enterro do filho, a Pol\u00edcia Civil diz que Monique foi a um sal\u00e3o de beleza fazer p\u00e9, m\u00e3o e cabelo, onde gastou R$ 240.<\/p>\n\n\n\n<p class=\"wp-block-paragraph\">Mensagens encontradas no aparelho da professora tamb\u00e9m mostram que Monique continuou a cuidar da apar\u00eancia quando voltou a morar com a m\u00e3e, em Bangu.<\/p>\n\n\n\n<p class=\"wp-block-paragraph\">O jornal \u201cExtra\u201d teve acesso ao material. A m\u00e3e de Henry solicitou servi\u00e7os de cabeleireiro e manicure delivery, na noite de 25 de mar\u00e7o, 17 dias depois da morte da crian\u00e7a.<\/p>\n","protected":false},"excerpt":{"rendered":"<p>Monique Medeiros, m\u00e3e do menino Henry Borel, dever\u00e1\u00a0permanecer em isolamento\u00a0na cadeia mesmo ap\u00f3s cumprir a quarentena de 14 dias, em obedi\u00eancia ao protocolo de Covid. O&nbsp;RJ1&nbsp;apurou que Monique&nbsp;n\u00e3o foi bem aceita pelas outras detentas&nbsp;no Instituto Penal Ismael Sirieiro, em Niter\u00f3i. A Pol\u00edcia Civil vai indiciar Monique e o vereador carioca Dr. Jairinho, padrasto de Henry, por\u00a0homic\u00eddio duplamente qualificado\u00a0e\u00a0tortura.\u00a0O casal foi preso nesta quinta-feira\u00a0(8), dentro das investiga\u00e7\u00f5es\u00a0da morte do menino. Eles\u00a0negam o crime\u00a0e dizem que n\u00e3o h\u00e1 nada a ser escondido. Cela s\u00f3 para Monique Cela onde est\u00e1 presa Monique Medeiros \u2014 Foto: Infogr\u00e1fico: Amanda Paes\/G1 O&nbsp;RJ1&nbsp;recebeu imagens da cela onde a professora e ex-assistente do Tribunal de Contas do Munic\u00edpio est\u00e1. O espa\u00e7o, de\u00a0seis metros quadrados, tem um beliche com colchonetes, onde podem ser guardados produtos de higiene. Em uma das laterais h\u00e1 uma pia, um vaso sanit\u00e1rio e um chuveiro de \u00e1gua fria. J\u00e1 Dr. Jairinho est\u00e1 preso em Bangu 8, onde tamb\u00e9m est\u00e3o pol\u00edticos condenados por corrup\u00e7\u00e3o. O vereador vai passar 14 dias afastado para seguir o protocolo de preven\u00e7\u00e3o \u00e0 Covid. Detalhes da cela onde Monique Medeiros est\u00e1 presa \u2014 Foto: Reprodu\u00e7\u00e3o\/TV Globo N\u00e3o havia informa\u00e7\u00f5es se Jairinho dividiria cela com outro preso ao fim desse prazo ou se se tamb\u00e9m ficaria em isolamento. Look trocado no dia de depor Em um celular de Monique apreendido no dia 26 de mar\u00e7o, os investigadores descobriram que, no dia em que prestou depoimento sobre a morte do filho, ela escolheu a roupa e o penteado que ia usar para ir \u00e0 delegacia. Uma selfie encontrada no telefone mostra Monique de preto, com o cabelo solto e um acess\u00f3rio dourado na cabe\u00e7a. Mas, na delegacia, estava com uma roupa branca e o cabelo preso, sem nenhum acess\u00f3rio. Monique fez uma selfie com um look preto antes de depor; ela acabou indo toda de branco \u2014 Foto: Reprodu\u00e7\u00e3o\/TV Globo Dentro da delegacia, mais uma selfie. Dessa vez, com os p\u00e9s na cadeira e um esbo\u00e7o de sorriso no rosto. No dia seguinte ao enterro do filho, a Pol\u00edcia Civil diz que Monique foi a um sal\u00e3o de beleza fazer p\u00e9, m\u00e3o e cabelo, onde gastou R$ 240. Mensagens encontradas no aparelho da professora tamb\u00e9m mostram que Monique continuou a cuidar da apar\u00eancia quando voltou a morar com a m\u00e3e, em Bangu. O jornal \u201cExtra\u201d teve acesso ao material. A m\u00e3e de Henry solicitou servi\u00e7os de cabeleireiro e manicure delivery, na noite de 25 de mar\u00e7o, 17 dias depois da morte da crian\u00e7a.<\/p>\n","protected":false},"author":6,"featured_media":213631,"comment_status":"closed","ping_status":"closed","sticky":false,"template":"","format":"standard","meta":{"sfsi_plus_gutenberg_text_before_share":"","sfsi_plus_gutenberg_show_text_before_share":"","sfsi_plus_gutenberg_icon_type":"","sfsi_plus_gutenberg_icon_alignemt":"","sfsi_plus_gutenburg_max_per_row":"","footnotes":""},"categories":[123,50,119],"tags":[],"class_list":["post-213627","post","type-post","status-publish","format-standard","has-post-thumbnail","hentry","category-brasil","category-destaque","category-polemica"],"_links":{"self":[{"href":"https:\/\/www.caririemacao.com\/1\/wp-json\/wp\/v2\/posts\/213627","targetHints":{"allow":["GET"]}}],"collection":[{"href":"https:\/\/www.caririemacao.com\/1\/wp-json\/wp\/v2\/posts"}],"about":[{"href":"https:\/\/www.caririemacao.com\/1\/wp-json\/wp\/v2\/types\/post"}],"author":[{"embeddable":true,"href":"https:\/\/www.caririemacao.com\/1\/wp-json\/wp\/v2\/users\/6"}],"replies":[{"embeddable":true,"href":"https:\/\/www.caririemacao.com\/1\/wp-json\/wp\/v2\/comments?post=213627"}],"version-history":[{"count":1,"href":"https:\/\/www.caririemacao.com\/1\/wp-json\/wp\/v2\/posts\/213627\/revisions"}],"predecessor-version":[{"id":213634,"href":"https:\/\/www.caririemacao.com\/1\/wp-json\/wp\/v2\/posts\/213627\/revisions\/213634"}],"wp:featuredmedia":[{"embeddable":true,"href":"https:\/\/www.caririemacao.com\/1\/wp-json\/wp\/v2\/media\/213631"}],"wp:attachment":[{"href":"https:\/\/www.caririemacao.com\/1\/wp-json\/wp\/v2\/media?parent=213627"}],"wp:term":[{"taxonomy":"category","embeddable":true,"href":"https:\/\/www.caririemacao.com\/1\/wp-json\/wp\/v2\/categories?post=213627"},{"taxonomy":"post_tag","embeddable":true,"href":"https:\/\/www.caririemacao.com\/1\/wp-json\/wp\/v2\/tags?post=213627"}],"curies":[{"name":"wp","href":"https:\/\/api.w.org\/{rel}","templated":true}]}}