{"id":214102,"date":"2021-04-13T17:04:45","date_gmt":"2021-04-13T20:04:45","guid":{"rendered":"https:\/\/www.caririemacao.com\/1\/?p=214102"},"modified":"2021-04-13T17:04:49","modified_gmt":"2021-04-13T20:04:49","slug":"tovar-pede-que-governador-tenha-sensibilidade-e-crie-auxilio-para-familias-que-estao-sem-renda","status":"publish","type":"post","link":"https:\/\/www.caririemacao.com\/1\/2021\/04\/13\/tovar-pede-que-governador-tenha-sensibilidade-e-crie-auxilio-para-familias-que-estao-sem-renda\/","title":{"rendered":"Tovar pede que governador tenha sensibilidade e crie aux\u00edlio para fam\u00edlias que est\u00e3o sem renda"},"content":{"rendered":"\n<p class=\"wp-block-paragraph\">O deputado estadual Tovar Correia Lima (PSDB) sugeriu ao Governo da Para\u00edba a cria\u00e7\u00e3o de um aux\u00edlio emergencial que possa beneficiar as fam\u00edlias que est\u00e3o sem renda no estado, enquanto durar a pandemia causada pelo coronav\u00edrus. Para Tovar, n\u00e3o adianta apenas reclamar do aux\u00edlio concedido pelo Governo Federal, \u00e9 preciso uma a\u00e7\u00e3o estadual para socorrer as pessoas que perderam seus empregos e passam por dificuldades. O parlamentar lembrou que tr\u00eas em cada dez fam\u00edlias terminaram o ano passado sem renda oriunda do trabalho.<\/p>\n\n\n\n<p class=\"wp-block-paragraph\">\u201cVejo muitos pol\u00edticos reclamando do valor do aux\u00edlio emergencial concedido pelo Governo Federal, mas que n\u00e3o se mobilizam para cobrar um aux\u00edlio estadual. \u00c9 preciso que o Governo da Para\u00edba tenha sensibilidade, saia da in\u00e9rcia e comece a planejar um projeto que socorra paraibanos que est\u00e3o passando por grande dificuldade. Alguns estados come\u00e7aram a planejar e alguns j\u00e1 v\u00e3o come\u00e7ar a realizar os pagamentos de aux\u00edlios. Aqui na Para\u00edba, precisamos come\u00e7ar a discutir essa possibilidade\u201d, destacou Tovar.<\/p>\n\n\n\n<p class=\"wp-block-paragraph\">O deputado lamenta que dentro do pacote de medidas econ\u00f4micas e sociais para ajudar empres\u00e1rios e trabalhadores na Para\u00edba anunciadas pelo governador Jo\u00e3o Azev\u00eado (Cidadania) n\u00e3o ter constado um aux\u00edlio emergencial estadual. Tovar lembra que o Governo do Estado tem condi\u00e7\u00f5es de arcar com uma ajuda voltada as fam\u00edlias mais carentes j\u00e1 que a arrecada\u00e7\u00e3o de ICMS vem crescendo, mesmo com a pandemia. Nos dois primeiros meses de 2020, o Estado da Para\u00edba arrecadou R$ 1.077.494.235,49. Este ano o valor da arrecada\u00e7\u00e3o do importo subiu para R$ 1.254.532.602,02.<\/p>\n\n\n\n<p class=\"wp-block-paragraph\">De acordo com o deputado, em S\u00e3o Paulo, o governador Jo\u00e3o Doria anunciou o Bolsa do Povo, que unificar\u00e1 os programas sociais do estado em um cadastro \u00fanico com aumento de valores pagos e amplia\u00e7\u00e3o da abrang\u00eancia. Maior programa social j\u00e1 anunciado pelo Governo de S\u00e3o Paulo, o Bolsa do Povo vai pagar benef\u00edcios de at\u00e9 R$ 500 e poder\u00e1 beneficiar at\u00e9 2,5 milh\u00f5es de pessoas direta e indiretamente nos 645 munic\u00edpios.<\/p>\n\n\n\n<p class=\"wp-block-paragraph\">No Rio Grande do Sul, o Governo do Estado prepara o aux\u00edlio emergencial de apoio \u00e0 atividade econ\u00f4mica e de prote\u00e7\u00e3o social. Al\u00e9m de trabalhadores e empresas dos setores de alimenta\u00e7\u00e3o e alojamento e de mulheres chefes de fam\u00edlia, uma emenda aprovada tamb\u00e9m por unanimidade acrescentou atividades ligadas a eventos entre os beneficiados. Com isso, ser\u00e3o repassados at\u00e9 R$ 107 milh\u00f5es na forma de subs\u00eddio.<\/p>\n\n\n\n<p class=\"wp-block-paragraph\">J\u00e1 no Mato Grosso do Sul, o governador Reinaldo Azambuja criou a o programa \u201cMais Social\u201d que vai beneficiar permanentemente 100 mil fam\u00edlias carentes, concedendo o benef\u00edcio de R$ 200 mensais por meio de um cart\u00e3o exclusivo para a realiza\u00e7\u00e3o de compras. O programa ser\u00e1 permanente e vai prosseguir mesmo depois da pandemia.<\/p>\n\n\n\n<p class=\"wp-block-paragraph\">Dados \u2013 O estudo \u2018Carta de Conjuntura\u2019 realizado pelo Instituto de Pesquisas Econ\u00f4micas (Ipea) mostra que tr\u00eas em cada dez lares brasileiros terminaram o ano passado sem renda oriunda do trabalho. A propor\u00e7\u00e3o de domic\u00edlios nessa condi\u00e7\u00e3o aumentou de 25,09% no primeiro trimestre de 2020 para 31,56% no segundo trimestre, caindo levemente para 31,24% no terceiro trimestre. No quarto trimestre, o percentual ficou em 29,01%.<\/p>\n","protected":false},"excerpt":{"rendered":"<p>O deputado estadual Tovar Correia Lima (PSDB) sugeriu ao Governo da Para\u00edba a cria\u00e7\u00e3o de um aux\u00edlio emergencial que possa beneficiar as fam\u00edlias que est\u00e3o sem renda no estado, enquanto durar a pandemia causada pelo coronav\u00edrus. Para Tovar, n\u00e3o adianta apenas reclamar do aux\u00edlio concedido pelo Governo Federal, \u00e9 preciso uma a\u00e7\u00e3o estadual para socorrer as pessoas que perderam seus empregos e passam por dificuldades. O parlamentar lembrou que tr\u00eas em cada dez fam\u00edlias terminaram o ano passado sem renda oriunda do trabalho. \u201cVejo muitos pol\u00edticos reclamando do valor do aux\u00edlio emergencial concedido pelo Governo Federal, mas que n\u00e3o se mobilizam para cobrar um aux\u00edlio estadual. \u00c9 preciso que o Governo da Para\u00edba tenha sensibilidade, saia da in\u00e9rcia e comece a planejar um projeto que socorra paraibanos que est\u00e3o passando por grande dificuldade. Alguns estados come\u00e7aram a planejar e alguns j\u00e1 v\u00e3o come\u00e7ar a realizar os pagamentos de aux\u00edlios. Aqui na Para\u00edba, precisamos come\u00e7ar a discutir essa possibilidade\u201d, destacou Tovar. O deputado lamenta que dentro do pacote de medidas econ\u00f4micas e sociais para ajudar empres\u00e1rios e trabalhadores na Para\u00edba anunciadas pelo governador Jo\u00e3o Azev\u00eado (Cidadania) n\u00e3o ter constado um aux\u00edlio emergencial estadual. Tovar lembra que o Governo do Estado tem condi\u00e7\u00f5es de arcar com uma ajuda voltada as fam\u00edlias mais carentes j\u00e1 que a arrecada\u00e7\u00e3o de ICMS vem crescendo, mesmo com a pandemia. Nos dois primeiros meses de 2020, o Estado da Para\u00edba arrecadou R$ 1.077.494.235,49. Este ano o valor da arrecada\u00e7\u00e3o do importo subiu para R$ 1.254.532.602,02. De acordo com o deputado, em S\u00e3o Paulo, o governador Jo\u00e3o Doria anunciou o Bolsa do Povo, que unificar\u00e1 os programas sociais do estado em um cadastro \u00fanico com aumento de valores pagos e amplia\u00e7\u00e3o da abrang\u00eancia. Maior programa social j\u00e1 anunciado pelo Governo de S\u00e3o Paulo, o Bolsa do Povo vai pagar benef\u00edcios de at\u00e9 R$ 500 e poder\u00e1 beneficiar at\u00e9 2,5 milh\u00f5es de pessoas direta e indiretamente nos 645 munic\u00edpios. No Rio Grande do Sul, o Governo do Estado prepara o aux\u00edlio emergencial de apoio \u00e0 atividade econ\u00f4mica e de prote\u00e7\u00e3o social. Al\u00e9m de trabalhadores e empresas dos setores de alimenta\u00e7\u00e3o e alojamento e de mulheres chefes de fam\u00edlia, uma emenda aprovada tamb\u00e9m por unanimidade acrescentou atividades ligadas a eventos entre os beneficiados. Com isso, ser\u00e3o repassados at\u00e9 R$ 107 milh\u00f5es na forma de subs\u00eddio. J\u00e1 no Mato Grosso do Sul, o governador Reinaldo Azambuja criou a o programa \u201cMais Social\u201d que vai beneficiar permanentemente 100 mil fam\u00edlias carentes, concedendo o benef\u00edcio de R$ 200 mensais por meio de um cart\u00e3o exclusivo para a realiza\u00e7\u00e3o de compras. O programa ser\u00e1 permanente e vai prosseguir mesmo depois da pandemia. Dados \u2013 O estudo \u2018Carta de Conjuntura\u2019 realizado pelo Instituto de Pesquisas Econ\u00f4micas (Ipea) mostra que tr\u00eas em cada dez lares brasileiros terminaram o ano passado sem renda oriunda do trabalho. A propor\u00e7\u00e3o de domic\u00edlios nessa condi\u00e7\u00e3o aumentou de 25,09% no primeiro trimestre de 2020 para 31,56% no segundo trimestre, caindo levemente para 31,24% no terceiro trimestre. No quarto trimestre, o percentual ficou em 29,01%.<\/p>\n","protected":false},"author":6,"featured_media":214103,"comment_status":"closed","ping_status":"closed","sticky":false,"template":"","format":"standard","meta":{"sfsi_plus_gutenberg_text_before_share":"","sfsi_plus_gutenberg_show_text_before_share":"","sfsi_plus_gutenberg_icon_type":"","sfsi_plus_gutenberg_icon_alignemt":"","sfsi_plus_gutenburg_max_per_row":"","footnotes":""},"categories":[104],"tags":[],"class_list":["post-214102","post","type-post","status-publish","format-standard","has-post-thumbnail","hentry","category-paraiba"],"_links":{"self":[{"href":"https:\/\/www.caririemacao.com\/1\/wp-json\/wp\/v2\/posts\/214102","targetHints":{"allow":["GET"]}}],"collection":[{"href":"https:\/\/www.caririemacao.com\/1\/wp-json\/wp\/v2\/posts"}],"about":[{"href":"https:\/\/www.caririemacao.com\/1\/wp-json\/wp\/v2\/types\/post"}],"author":[{"embeddable":true,"href":"https:\/\/www.caririemacao.com\/1\/wp-json\/wp\/v2\/users\/6"}],"replies":[{"embeddable":true,"href":"https:\/\/www.caririemacao.com\/1\/wp-json\/wp\/v2\/comments?post=214102"}],"version-history":[{"count":1,"href":"https:\/\/www.caririemacao.com\/1\/wp-json\/wp\/v2\/posts\/214102\/revisions"}],"predecessor-version":[{"id":214104,"href":"https:\/\/www.caririemacao.com\/1\/wp-json\/wp\/v2\/posts\/214102\/revisions\/214104"}],"wp:featuredmedia":[{"embeddable":true,"href":"https:\/\/www.caririemacao.com\/1\/wp-json\/wp\/v2\/media\/214103"}],"wp:attachment":[{"href":"https:\/\/www.caririemacao.com\/1\/wp-json\/wp\/v2\/media?parent=214102"}],"wp:term":[{"taxonomy":"category","embeddable":true,"href":"https:\/\/www.caririemacao.com\/1\/wp-json\/wp\/v2\/categories?post=214102"},{"taxonomy":"post_tag","embeddable":true,"href":"https:\/\/www.caririemacao.com\/1\/wp-json\/wp\/v2\/tags?post=214102"}],"curies":[{"name":"wp","href":"https:\/\/api.w.org\/{rel}","templated":true}]}}