{"id":214238,"date":"2021-04-14T11:57:54","date_gmt":"2021-04-14T14:57:54","guid":{"rendered":"https:\/\/www.caririemacao.com\/1\/?p=214238"},"modified":"2021-04-14T11:57:57","modified_gmt":"2021-04-14T14:57:57","slug":"quanto-tempo-demora-para-adquirir-imunidade-apos-tomar-a-vacina-contra-a-covid-19","status":"publish","type":"post","link":"https:\/\/www.caririemacao.com\/1\/2021\/04\/14\/quanto-tempo-demora-para-adquirir-imunidade-apos-tomar-a-vacina-contra-a-covid-19\/","title":{"rendered":"Quanto tempo demora para adquirir imunidade ap\u00f3s tomar a vacina contra a Covid-19?"},"content":{"rendered":"\n<p class=\"wp-block-paragraph\"><br>As vacinas s\u00e3o o primeiro passo para o fim da pandemia do novo coronav\u00edrus, mas a imunidade n\u00e3o come\u00e7a imediatamente ap\u00f3s tomar a segunda dose do imunizante. Caso uma pessoa tenha Covid-19 logo ap\u00f3s se imunizar, isso n\u00e3o significa que a vacina n\u00e3o funcionou, mas que seu o sistema imunol\u00f3gico ainda n\u00e3o teve tempo para criar a resposta imune.&nbsp;<\/p>\n\n\n\n<p class=\"wp-block-paragraph\">Cada organismo reage de uma forma, dependendo de fatores como a faixa et\u00e1ria e o pr\u00f3prio sistema imunol\u00f3gico da pessoa. Em geral, em duas semanas ap\u00f3s a segunda dose estaremos protegidos, pois esse \u00e9 o tempo que nosso sistema leva para criar anticorpos neutralizantes, que barram a entrada do v\u00edrus nas c\u00e9lulas.&nbsp;<\/p>\n\n\n\n<p class=\"wp-block-paragraph\">Esse tamb\u00e9m foi o intervalo usado nos testes cl\u00ednicos da CoronaVac, a vacina do Butantan, para medir a resposta imune dos participantes. Ainda vale lembrar que uma quantidade ainda maior de anticorpos pode ser registrada at\u00e9 um m\u00eas ap\u00f3s o fim da vacina\u00e7\u00e3o, tamb\u00e9m variando de indiv\u00edduo para indiv\u00edduo.<\/p>\n\n\n\n<p class=\"wp-block-paragraph\">\u00c9 importante esperar, por\u00e9m, que grande parte da popula\u00e7\u00e3o tenha sido imunizada antes de voltarmos aos antigos h\u00e1bitos, para evitar contaminar outras pessoas, j\u00e1 que o indiv\u00edduo que tomou a vacina ainda pode transmitir o v\u00edrus. Mesmo ap\u00f3s a imuniza\u00e7\u00e3o, ainda ser\u00e1 preciso manter medidas de seguran\u00e7a, como o uso de m\u00e1scara e a higieniza\u00e7\u00e3o constante das m\u00e3os.\u00a0<\/p>\n\n\n\n<p class=\"wp-block-paragraph\"><em>Instituto Butantan<\/em>  <\/p>\n","protected":false},"excerpt":{"rendered":"<p>As vacinas s\u00e3o o primeiro passo para o fim da pandemia do novo coronav\u00edrus, mas a imunidade n\u00e3o come\u00e7a imediatamente ap\u00f3s tomar a segunda dose do imunizante. Caso uma pessoa tenha Covid-19 logo ap\u00f3s se imunizar, isso n\u00e3o significa que a vacina n\u00e3o funcionou, mas que seu o sistema imunol\u00f3gico ainda n\u00e3o teve tempo para criar a resposta imune.&nbsp; Cada organismo reage de uma forma, dependendo de fatores como a faixa et\u00e1ria e o pr\u00f3prio sistema imunol\u00f3gico da pessoa. Em geral, em duas semanas ap\u00f3s a segunda dose estaremos protegidos, pois esse \u00e9 o tempo que nosso sistema leva para criar anticorpos neutralizantes, que barram a entrada do v\u00edrus nas c\u00e9lulas.&nbsp; Esse tamb\u00e9m foi o intervalo usado nos testes cl\u00ednicos da CoronaVac, a vacina do Butantan, para medir a resposta imune dos participantes. Ainda vale lembrar que uma quantidade ainda maior de anticorpos pode ser registrada at\u00e9 um m\u00eas ap\u00f3s o fim da vacina\u00e7\u00e3o, tamb\u00e9m variando de indiv\u00edduo para indiv\u00edduo. \u00c9 importante esperar, por\u00e9m, que grande parte da popula\u00e7\u00e3o tenha sido imunizada antes de voltarmos aos antigos h\u00e1bitos, para evitar contaminar outras pessoas, j\u00e1 que o indiv\u00edduo que tomou a vacina ainda pode transmitir o v\u00edrus. Mesmo ap\u00f3s a imuniza\u00e7\u00e3o, ainda ser\u00e1 preciso manter medidas de seguran\u00e7a, como o uso de m\u00e1scara e a higieniza\u00e7\u00e3o constante das m\u00e3os.\u00a0 Instituto Butantan<\/p>\n","protected":false},"author":6,"featured_media":211575,"comment_status":"closed","ping_status":"closed","sticky":false,"template":"","format":"standard","meta":{"sfsi_plus_gutenberg_text_before_share":"","sfsi_plus_gutenberg_show_text_before_share":"","sfsi_plus_gutenberg_icon_type":"","sfsi_plus_gutenberg_icon_alignemt":"","sfsi_plus_gutenburg_max_per_row":"","footnotes":""},"categories":[123,124,50],"tags":[],"class_list":["post-214238","post","type-post","status-publish","format-standard","has-post-thumbnail","hentry","category-brasil","category-covid-19","category-destaque"],"_links":{"self":[{"href":"https:\/\/www.caririemacao.com\/1\/wp-json\/wp\/v2\/posts\/214238","targetHints":{"allow":["GET"]}}],"collection":[{"href":"https:\/\/www.caririemacao.com\/1\/wp-json\/wp\/v2\/posts"}],"about":[{"href":"https:\/\/www.caririemacao.com\/1\/wp-json\/wp\/v2\/types\/post"}],"author":[{"embeddable":true,"href":"https:\/\/www.caririemacao.com\/1\/wp-json\/wp\/v2\/users\/6"}],"replies":[{"embeddable":true,"href":"https:\/\/www.caririemacao.com\/1\/wp-json\/wp\/v2\/comments?post=214238"}],"version-history":[{"count":1,"href":"https:\/\/www.caririemacao.com\/1\/wp-json\/wp\/v2\/posts\/214238\/revisions"}],"predecessor-version":[{"id":214239,"href":"https:\/\/www.caririemacao.com\/1\/wp-json\/wp\/v2\/posts\/214238\/revisions\/214239"}],"wp:featuredmedia":[{"embeddable":true,"href":"https:\/\/www.caririemacao.com\/1\/wp-json\/wp\/v2\/media\/211575"}],"wp:attachment":[{"href":"https:\/\/www.caririemacao.com\/1\/wp-json\/wp\/v2\/media?parent=214238"}],"wp:term":[{"taxonomy":"category","embeddable":true,"href":"https:\/\/www.caririemacao.com\/1\/wp-json\/wp\/v2\/categories?post=214238"},{"taxonomy":"post_tag","embeddable":true,"href":"https:\/\/www.caririemacao.com\/1\/wp-json\/wp\/v2\/tags?post=214238"}],"curies":[{"name":"wp","href":"https:\/\/api.w.org\/{rel}","templated":true}]}}