{"id":214442,"date":"2021-04-15T13:07:38","date_gmt":"2021-04-15T16:07:38","guid":{"rendered":"https:\/\/www.caririemacao.com\/1\/?p=214442"},"modified":"2021-04-15T13:07:41","modified_gmt":"2021-04-15T16:07:41","slug":"deu-aguia-policia-militar-prende-homem-acusado-de-assalto-em-serra-branca","status":"publish","type":"post","link":"https:\/\/www.caririemacao.com\/1\/2021\/04\/15\/deu-aguia-policia-militar-prende-homem-acusado-de-assalto-em-serra-branca\/","title":{"rendered":"DEU \u00c1GUIA: Pol\u00edcia Militar prende homem acusado de assalto em Serra Branca"},"content":{"rendered":"\n<p class=\"wp-block-paragraph\">A Pol\u00edcia Militar capturou na manh\u00e3 de hoje (15) um homem acusado, de&nbsp;&nbsp;assaltar um ve\u00edculo no distrito de Santa Luzia do Cariri, munic\u00edpio de Serra Branca.<\/p>\n\n\n\n<p class=\"wp-block-paragraph\">De acordo com as primeiras informa\u00e7\u00f5es colhidas por nossa reportagem, o suspeito \u00e9 Edson Alves Ferreira Junior, ele \u00e9 natural de Campina Grande e estava residindo em Monteiro, Cariri do Estado.<\/p>\n\n\n\n<p class=\"wp-block-paragraph\">Edson Alves \u00e9 acusado de tomar por assalto um ve\u00edculo Fiat Uno Azul de propriedade do comerciante Dam\u00e1sio. Al\u00e9m desse crime ele tamb\u00e9m teria participado de um roubo a uma f\u00e1brica de queijos em Monteiro no ano de 2018.<\/p>\n\n\n\n<p class=\"wp-block-paragraph\">A pol\u00edcia ainda est\u00e1 em busca de localizar o segundo envolvido no assalto.\u00a0<\/p>\n\n\n\n<p class=\"wp-block-paragraph\"><\/p>\n","protected":false},"excerpt":{"rendered":"<p>A Pol\u00edcia Militar capturou na manh\u00e3 de hoje (15) um homem acusado, de&nbsp;&nbsp;assaltar um ve\u00edculo no distrito de Santa Luzia do Cariri, munic\u00edpio de Serra Branca. De acordo com as primeiras informa\u00e7\u00f5es colhidas por nossa reportagem, o suspeito \u00e9 Edson Alves Ferreira Junior, ele \u00e9 natural de Campina Grande e estava residindo em Monteiro, Cariri do Estado. Edson Alves \u00e9 acusado de tomar por assalto um ve\u00edculo Fiat Uno Azul de propriedade do comerciante Dam\u00e1sio. Al\u00e9m desse crime ele tamb\u00e9m teria participado de um roubo a uma f\u00e1brica de queijos em Monteiro no ano de 2018. A pol\u00edcia ainda est\u00e1 em busca de localizar o segundo envolvido no assalto.\u00a0<\/p>\n","protected":false},"author":6,"featured_media":214443,"comment_status":"closed","ping_status":"closed","sticky":false,"template":"","format":"standard","meta":{"sfsi_plus_gutenberg_text_before_share":"","sfsi_plus_gutenberg_show_text_before_share":"","sfsi_plus_gutenberg_icon_type":"","sfsi_plus_gutenberg_icon_alignemt":"","sfsi_plus_gutenburg_max_per_row":"","footnotes":""},"categories":[106,12],"tags":[],"class_list":["post-214442","post","type-post","status-publish","format-standard","has-post-thumbnail","hentry","category-cariri","category-policia"],"_links":{"self":[{"href":"https:\/\/www.caririemacao.com\/1\/wp-json\/wp\/v2\/posts\/214442","targetHints":{"allow":["GET"]}}],"collection":[{"href":"https:\/\/www.caririemacao.com\/1\/wp-json\/wp\/v2\/posts"}],"about":[{"href":"https:\/\/www.caririemacao.com\/1\/wp-json\/wp\/v2\/types\/post"}],"author":[{"embeddable":true,"href":"https:\/\/www.caririemacao.com\/1\/wp-json\/wp\/v2\/users\/6"}],"replies":[{"embeddable":true,"href":"https:\/\/www.caririemacao.com\/1\/wp-json\/wp\/v2\/comments?post=214442"}],"version-history":[{"count":1,"href":"https:\/\/www.caririemacao.com\/1\/wp-json\/wp\/v2\/posts\/214442\/revisions"}],"predecessor-version":[{"id":214444,"href":"https:\/\/www.caririemacao.com\/1\/wp-json\/wp\/v2\/posts\/214442\/revisions\/214444"}],"wp:featuredmedia":[{"embeddable":true,"href":"https:\/\/www.caririemacao.com\/1\/wp-json\/wp\/v2\/media\/214443"}],"wp:attachment":[{"href":"https:\/\/www.caririemacao.com\/1\/wp-json\/wp\/v2\/media?parent=214442"}],"wp:term":[{"taxonomy":"category","embeddable":true,"href":"https:\/\/www.caririemacao.com\/1\/wp-json\/wp\/v2\/categories?post=214442"},{"taxonomy":"post_tag","embeddable":true,"href":"https:\/\/www.caririemacao.com\/1\/wp-json\/wp\/v2\/tags?post=214442"}],"curies":[{"name":"wp","href":"https:\/\/api.w.org\/{rel}","templated":true}]}}