{"id":214704,"date":"2021-04-17T18:36:32","date_gmt":"2021-04-17T21:36:32","guid":{"rendered":"https:\/\/www.caririemacao.com\/1\/?p=214704"},"modified":"2021-04-17T18:36:52","modified_gmt":"2021-04-17T21:36:52","slug":"sume-eden-duarte-lamenta-morte-do-vereador-lazaro-santos","status":"publish","type":"post","link":"https:\/\/www.caririemacao.com\/1\/2021\/04\/17\/sume-eden-duarte-lamenta-morte-do-vereador-lazaro-santos\/","title":{"rendered":"SUM\u00c9: \u00c9den Duarte lamenta morte do vereador L\u00e1zaro Santos"},"content":{"rendered":"\n<p class=\"wp-block-paragraph\">O prefeito do munic\u00edpio de Sum\u00e9, \u00c9den Duarte, divulgou neste s\u00e1bado (17) uma nota de pesar pelo falecimento do vereador L\u00e1zaro Santos, conhecido popularmente por L\u00e1zaro do S\u00e3o L\u00e1zaro.<\/p>\n\n\n\n<p class=\"wp-block-paragraph\">L\u00e1zaro foi eleito vereador de Sum\u00e9 nas elei\u00e7\u00f5es municipais de 2020 pelo partido Solidariedade, por 382 votos.<\/p>\n\n\n\n<p class=\"wp-block-paragraph\">O vereador veio \u00f3bito em um hospital de Campina Grande, vitimado pela Covid-19 aos 30 anos de idade.<\/p>\n\n\n\n<p class=\"wp-block-paragraph\"><strong>Confira a nota de pesar:<\/strong><\/p>\n\n\n\n<p class=\"wp-block-paragraph\">O prefeito \u00c9den Duarte e todos que fazem a gest\u00e3o lamentam com dor a morte do vereador e amigo L\u00e1zaro.<\/p>\n\n\n\n<p class=\"wp-block-paragraph\">A Deus rogamos por miseric\u00f3rdia e que o acolha em seus bra\u00e7os.<\/p>\n\n\n\n<p class=\"wp-block-paragraph\"><em>Prefeito Constitucional Do Munic\u00edpio De Sum\u00e9<\/em><\/p>\n\n\n\n<p class=\"wp-block-paragraph\"><em>\u00c9den Duarte<\/em><\/p>\n\n\n\n<p class=\"wp-block-paragraph\"><\/p>\n\n\n\n<p class=\"wp-block-paragraph\">(Reda\u00e7\u00e3o do<em> Cariri Em A\u00e7\u00e3o<\/em>)<\/p>\n","protected":false},"excerpt":{"rendered":"<p>O prefeito do munic\u00edpio de Sum\u00e9, \u00c9den Duarte, divulgou neste s\u00e1bado (17) uma nota de pesar pelo falecimento do vereador L\u00e1zaro Santos, conhecido popularmente por L\u00e1zaro do S\u00e3o L\u00e1zaro. L\u00e1zaro foi eleito vereador de Sum\u00e9 nas elei\u00e7\u00f5es municipais de 2020 pelo partido Solidariedade, por 382 votos. O vereador veio \u00f3bito em um hospital de Campina Grande, vitimado pela Covid-19 aos 30 anos de idade. Confira a nota de pesar: O prefeito \u00c9den Duarte e todos que fazem a gest\u00e3o lamentam com dor a morte do vereador e amigo L\u00e1zaro. A Deus rogamos por miseric\u00f3rdia e que o acolha em seus bra\u00e7os. Prefeito Constitucional Do Munic\u00edpio De Sum\u00e9 \u00c9den Duarte (Reda\u00e7\u00e3o do Cariri Em A\u00e7\u00e3o)<\/p>\n","protected":false},"author":6,"featured_media":214705,"comment_status":"closed","ping_status":"closed","sticky":false,"template":"","format":"standard","meta":{"sfsi_plus_gutenberg_text_before_share":"","sfsi_plus_gutenberg_show_text_before_share":"","sfsi_plus_gutenberg_icon_type":"","sfsi_plus_gutenberg_icon_alignemt":"","sfsi_plus_gutenburg_max_per_row":"","footnotes":""},"categories":[95],"tags":[],"class_list":["post-214704","post","type-post","status-publish","format-standard","has-post-thumbnail","hentry","category-sume"],"_links":{"self":[{"href":"https:\/\/www.caririemacao.com\/1\/wp-json\/wp\/v2\/posts\/214704","targetHints":{"allow":["GET"]}}],"collection":[{"href":"https:\/\/www.caririemacao.com\/1\/wp-json\/wp\/v2\/posts"}],"about":[{"href":"https:\/\/www.caririemacao.com\/1\/wp-json\/wp\/v2\/types\/post"}],"author":[{"embeddable":true,"href":"https:\/\/www.caririemacao.com\/1\/wp-json\/wp\/v2\/users\/6"}],"replies":[{"embeddable":true,"href":"https:\/\/www.caririemacao.com\/1\/wp-json\/wp\/v2\/comments?post=214704"}],"version-history":[{"count":2,"href":"https:\/\/www.caririemacao.com\/1\/wp-json\/wp\/v2\/posts\/214704\/revisions"}],"predecessor-version":[{"id":214708,"href":"https:\/\/www.caririemacao.com\/1\/wp-json\/wp\/v2\/posts\/214704\/revisions\/214708"}],"wp:featuredmedia":[{"embeddable":true,"href":"https:\/\/www.caririemacao.com\/1\/wp-json\/wp\/v2\/media\/214705"}],"wp:attachment":[{"href":"https:\/\/www.caririemacao.com\/1\/wp-json\/wp\/v2\/media?parent=214704"}],"wp:term":[{"taxonomy":"category","embeddable":true,"href":"https:\/\/www.caririemacao.com\/1\/wp-json\/wp\/v2\/categories?post=214704"},{"taxonomy":"post_tag","embeddable":true,"href":"https:\/\/www.caririemacao.com\/1\/wp-json\/wp\/v2\/tags?post=214704"}],"curies":[{"name":"wp","href":"https:\/\/api.w.org\/{rel}","templated":true}]}}