{"id":215558,"date":"2021-04-23T16:10:03","date_gmt":"2021-04-23T19:10:03","guid":{"rendered":"https:\/\/www.caririemacao.com\/1\/?p=215558"},"modified":"2021-04-23T16:10:04","modified_gmt":"2021-04-23T19:10:04","slug":"inmet-emite-alertas-de-perigo-potencial-de-chuvas-intensas-para-05-cidades-do-cariri-paraibano","status":"publish","type":"post","link":"https:\/\/www.caririemacao.com\/1\/2021\/04\/23\/inmet-emite-alertas-de-perigo-potencial-de-chuvas-intensas-para-05-cidades-do-cariri-paraibano\/","title":{"rendered":"Inmet emite alertas de perigo potencial de chuvas intensas para 05 cidades do Cariri Paraibano"},"content":{"rendered":"\n<p class=\"wp-block-paragraph\">O Instituto Nacional de Meteorologia (Inmet) emitiu um alerta de perigo potencial de chuvas intensas em 05 cidades do cariri paraibano. O alerta passa a valer a partir das 11h desta sexta-feira (23) e tem validade at\u00e9 \u00e0s 11h deste s\u00e1bado (24).<\/p>\n\n\n\n<p class=\"wp-block-paragraph\">Para as cidades em alerta, \u00e9 previsto chuva entre 20 e 30 mil\u00edmetros por hora, podendo chegar at\u00e9 50 mil\u00edmetros por dia, com ventos intensos de 40 a 60 quil\u00f4metros por hora. H\u00e1 baixo risco de corte de energia el\u00e9trica, queda de galhos de \u00e1rvores, alagamentos e de descargas el\u00e9tricas.<\/p>\n\n\n\n<p class=\"wp-block-paragraph\">Em caso de rajadas de vento, o Inmet orienta que n\u00e3o se abrigue debaixo de \u00e1rvores, pois h\u00e1 leve risco de queda e descargas el\u00e9tricas e n\u00e3o estacione ve\u00edculos pr\u00f3ximos a torres de transmiss\u00e3o e placas de propaganda, al\u00e9m de evitar utilizar celular ligado \u00e0 tomada.<\/p>\n\n\n\n<h2 class=\"wp-block-heading\">Cidades em alerta amarelo de chuvas intensas<\/h2>\n\n\n\n<ol class=\"wp-block-list\"><li>Monteiro<\/li><li>Ouro Velho<\/li><li>Prata<\/li><li>S\u00e3o Sebasti\u00e3o Do Umbuzeiro<\/li><li>Zabel\u00ea<\/li><\/ol>\n\n\n\n<p class=\"wp-block-paragraph\"><\/p>\n\n\n\n<p class=\"wp-block-paragraph\">(Reda\u00e7\u00e3o do <em>Cariri Em A\u00e7\u00e3o<\/em>)<\/p>\n","protected":false},"excerpt":{"rendered":"<p>O Instituto Nacional de Meteorologia (Inmet) emitiu um alerta de perigo potencial de chuvas intensas em 05 cidades do cariri paraibano. O alerta passa a valer a partir das 11h desta sexta-feira (23) e tem validade at\u00e9 \u00e0s 11h deste s\u00e1bado (24). Para as cidades em alerta, \u00e9 previsto chuva entre 20 e 30 mil\u00edmetros por hora, podendo chegar at\u00e9 50 mil\u00edmetros por dia, com ventos intensos de 40 a 60 quil\u00f4metros por hora. H\u00e1 baixo risco de corte de energia el\u00e9trica, queda de galhos de \u00e1rvores, alagamentos e de descargas el\u00e9tricas. Em caso de rajadas de vento, o Inmet orienta que n\u00e3o se abrigue debaixo de \u00e1rvores, pois h\u00e1 leve risco de queda e descargas el\u00e9tricas e n\u00e3o estacione ve\u00edculos pr\u00f3ximos a torres de transmiss\u00e3o e placas de propaganda, al\u00e9m de evitar utilizar celular ligado \u00e0 tomada. Cidades em alerta amarelo de chuvas intensas Monteiro Ouro Velho Prata S\u00e3o Sebasti\u00e3o Do Umbuzeiro Zabel\u00ea (Reda\u00e7\u00e3o do Cariri Em A\u00e7\u00e3o)<\/p>\n","protected":false},"author":6,"featured_media":215559,"comment_status":"closed","ping_status":"closed","sticky":false,"template":"","format":"standard","meta":{"sfsi_plus_gutenberg_text_before_share":"","sfsi_plus_gutenberg_show_text_before_share":"","sfsi_plus_gutenberg_icon_type":"","sfsi_plus_gutenberg_icon_alignemt":"","sfsi_plus_gutenburg_max_per_row":"","footnotes":""},"categories":[106],"tags":[],"class_list":["post-215558","post","type-post","status-publish","format-standard","has-post-thumbnail","hentry","category-cariri"],"_links":{"self":[{"href":"https:\/\/www.caririemacao.com\/1\/wp-json\/wp\/v2\/posts\/215558","targetHints":{"allow":["GET"]}}],"collection":[{"href":"https:\/\/www.caririemacao.com\/1\/wp-json\/wp\/v2\/posts"}],"about":[{"href":"https:\/\/www.caririemacao.com\/1\/wp-json\/wp\/v2\/types\/post"}],"author":[{"embeddable":true,"href":"https:\/\/www.caririemacao.com\/1\/wp-json\/wp\/v2\/users\/6"}],"replies":[{"embeddable":true,"href":"https:\/\/www.caririemacao.com\/1\/wp-json\/wp\/v2\/comments?post=215558"}],"version-history":[{"count":1,"href":"https:\/\/www.caririemacao.com\/1\/wp-json\/wp\/v2\/posts\/215558\/revisions"}],"predecessor-version":[{"id":215560,"href":"https:\/\/www.caririemacao.com\/1\/wp-json\/wp\/v2\/posts\/215558\/revisions\/215560"}],"wp:featuredmedia":[{"embeddable":true,"href":"https:\/\/www.caririemacao.com\/1\/wp-json\/wp\/v2\/media\/215559"}],"wp:attachment":[{"href":"https:\/\/www.caririemacao.com\/1\/wp-json\/wp\/v2\/media?parent=215558"}],"wp:term":[{"taxonomy":"category","embeddable":true,"href":"https:\/\/www.caririemacao.com\/1\/wp-json\/wp\/v2\/categories?post=215558"},{"taxonomy":"post_tag","embeddable":true,"href":"https:\/\/www.caririemacao.com\/1\/wp-json\/wp\/v2\/tags?post=215558"}],"curies":[{"name":"wp","href":"https:\/\/api.w.org\/{rel}","templated":true}]}}