{"id":215585,"date":"2021-04-24T06:18:59","date_gmt":"2021-04-24T09:18:59","guid":{"rendered":"https:\/\/www.caririemacao.com\/1\/?p=215585"},"modified":"2021-04-24T06:19:02","modified_gmt":"2021-04-24T09:19:02","slug":"joao-pessoa-retoma-vacinacao-contra-covid-19-neste-sabado-com-segunda-dose-para-quem-tomou-a-primeira-ate-16-de-marco","status":"publish","type":"post","link":"https:\/\/www.caririemacao.com\/1\/2021\/04\/24\/joao-pessoa-retoma-vacinacao-contra-covid-19-neste-sabado-com-segunda-dose-para-quem-tomou-a-primeira-ate-16-de-marco\/","title":{"rendered":"Jo\u00e3o Pessoa retoma vacina\u00e7\u00e3o contra Covid-19, neste s\u00e1bado, com segunda dose para quem tomou a primeira at\u00e9 16 de mar\u00e7o"},"content":{"rendered":"\n<p class=\"wp-block-paragraph\">A Prefeitura de Jo\u00e3o Pessoa retoma a vacina\u00e7\u00e3o contra a Covid-19, neste s\u00e1bado (24), com a aplica\u00e7\u00e3o da dose de refor\u00e7o da Coronavac\/Butantan para pessoas que tomaram a primeira at\u00e9 o dia 16 de mar\u00e7o. Ser\u00e3o sete postos de imuniza\u00e7\u00e3o \u2013 cinco gin\u00e1sios (8h \u00e0s 12h) e dois do modelo drive thru (9h \u00e0s 15h). A campanha estava suspensa desde a quarta-feira (21) e ser\u00e1 retomada ap\u00f3s o envio de nova remessa dos imunizantes pelo Minist\u00e9rio da Sa\u00fade, com 3.570 doses da Coronavac\/Butantan, segundo informa\u00e7\u00f5es obtidas pelo ClickPB.<\/p>\n\n\n\n<p class=\"wp-block-paragraph\">Pela baixa oferta de imunizantes, a Secretaria Municipal de Sa\u00fade volta a alertar que o atendimento ser\u00e1 prioritariamente para as pessoas que agendarem atrav\u00e9s do aplicativo Vacina Jo\u00e3o Pessoa ou no site&nbsp;<a href=\"https:\/\/vacina.joaopessoa.pb.gov.br\/\">vacina.joaopessoa.pb.gov.br<\/a>. Com o agendamento, o cidad\u00e3o garante que ser\u00e1 vacinado no local indicado neste s\u00e1bado. Aquelas pessoas que tiverem dificuldades com a ferramenta eletr\u00f4nica podem ir at\u00e9 os postos de vacina\u00e7\u00e3o para receber ajuda nessa opera\u00e7\u00e3o, por\u00e9m, ter\u00e3o de se submeter \u00e0 fila espec\u00edfica sem a certeza de tomar a vacina.<\/p>\n\n\n\n<p class=\"wp-block-paragraph\"><strong>Transporte gratuito<\/strong><\/p>\n\n\n\n<p class=\"wp-block-paragraph\">As pessoas que precisarem se deslocar de um bairro a outro para tomar a vacina, podem utilizar os servi\u00e7os gratuitos dos aplicativos 99 e Uber, em parceria com a Prefeitura de Jo\u00e3o Pessoa e Governo da Para\u00edba, respectivamente.<\/p>\n\n\n\n<p class=\"wp-block-paragraph\">Para garantir o acesso ao servi\u00e7o da 99, o cidad\u00e3o que usar a plataforma para o deslocamento at\u00e9 o ponto de vacina\u00e7\u00e3o dever\u00e1 acessar o aplicativo na categoria 99 Pop e inserir o c\u00f3digo promocional \u2018Promocodes\u2019, que ser\u00e1 destinado exclusivamente para o transporte at\u00e9 os pontos de vacina\u00e7\u00e3o em Jo\u00e3o Pessoa.<\/p>\n\n\n\n<p class=\"wp-block-paragraph\">Na parceria do Governo do Estado com o aplicativo Uber, o c\u00f3digo que dever\u00e1 ser inserido nas viagens \u00e9 o VACINAPB e cada usu\u00e1rio s\u00f3 pode inseri-lo uma vez, garantindo a gratuidade para as duas viagens limitada a R$ 25, cada.<\/p>\n\n\n\n<p class=\"wp-block-paragraph\"><strong>Solidariedade<\/strong><\/p>\n\n\n\n<p class=\"wp-block-paragraph\">Os postos de vacina\u00e7\u00e3o tamb\u00e9m est\u00e3o abertos, nesses dias de luta contra a Covid-19, para receber as doa\u00e7\u00f5es de alimentos n\u00e3o perec\u00edveis. Ap\u00f3s a arrecada\u00e7\u00e3o, eles ser\u00e3o distribu\u00eddos com institui\u00e7\u00f5es de caridade e fam\u00edlias necessitadas, atingidas pelos efeitos dessa pandemia. A arrecada\u00e7\u00e3o e a distribui\u00e7\u00e3o integram uma iniciativa conjunta da Prefeitura de Jo\u00e3o Pessoa e do Governo do Estado.<\/p>\n\n\n\n<p class=\"wp-block-paragraph\">Lembrando que a doa\u00e7\u00e3o \u00e9 um ato espont\u00e2neo e pessoal, n\u00e3o havendo nenhuma imposi\u00e7\u00e3o. Aquelas pessoas que quiserem doar, mesmo que n\u00e3o estejam indo se vacinar, tamb\u00e9m ser\u00e1 bem-vinda a sua doa\u00e7\u00e3o.<\/p>\n\n\n\n<p class=\"wp-block-paragraph\"><strong>Gin\u00e1sios e Centro Cultural (2\u00aa dose) \u2013 8h \u00e0s 12h<\/strong><\/p>\n\n\n\n<p class=\"wp-block-paragraph\">Distrito Sanit\u00e1rio I<\/p>\n\n\n\n<p class=\"wp-block-paragraph\">Escola Municipal Dom Jos\u00e9 Maria Pires (Oitizeiro)<\/p>\n\n\n\n<p class=\"wp-block-paragraph\">Distrito Sanit\u00e1rio II<\/p>\n\n\n\n<p class=\"wp-block-paragraph\">Escola M. Jornalista Raimundo Nonato Batista (Gramame)<\/p>\n\n\n\n<p class=\"wp-block-paragraph\">Distrito Sanit\u00e1rio III<\/p>\n\n\n\n<p class=\"wp-block-paragraph\">Centro Cultural Tenente Lucena (Mangabeira)<\/p>\n\n\n\n<p class=\"wp-block-paragraph\">Distrito Sanit\u00e1rio IV<\/p>\n\n\n\n<p class=\"wp-block-paragraph\">Gin\u00e1sio Ivan Cantisani (Tambi\u00e1)<\/p>\n\n\n\n<p class=\"wp-block-paragraph\">Distrito Sanit\u00e1rio V<\/p>\n\n\n\n<p class=\"wp-block-paragraph\">Escola Municipal Ser\u00e1fico da N\u00f3brega (Tamba\u00fa)<\/p>\n\n\n\n<p class=\"wp-block-paragraph\"><strong>Drive thru (2\u00aa dose) \u2013 9h \u00e0s 15h<\/strong><\/p>\n\n\n\n<p class=\"wp-block-paragraph\">Santu\u00e1rio M\u00e3e Rainha (Aeroclube)<\/p>\n\n\n\n<p class=\"wp-block-paragraph\">Gin\u00e1sio O Ronald\u00e3o (Cristo)<\/p>\n\n\n\n<p class=\"wp-block-paragraph\"><em>ClickPB<\/em><\/p>\n","protected":false},"excerpt":{"rendered":"<p>A Prefeitura de Jo\u00e3o Pessoa retoma a vacina\u00e7\u00e3o contra a Covid-19, neste s\u00e1bado (24), com a aplica\u00e7\u00e3o da dose de refor\u00e7o da Coronavac\/Butantan para pessoas que tomaram a primeira at\u00e9 o dia 16 de mar\u00e7o. Ser\u00e3o sete postos de imuniza\u00e7\u00e3o \u2013 cinco gin\u00e1sios (8h \u00e0s 12h) e dois do modelo drive thru (9h \u00e0s 15h). A campanha estava suspensa desde a quarta-feira (21) e ser\u00e1 retomada ap\u00f3s o envio de nova remessa dos imunizantes pelo Minist\u00e9rio da Sa\u00fade, com 3.570 doses da Coronavac\/Butantan, segundo informa\u00e7\u00f5es obtidas pelo ClickPB. Pela baixa oferta de imunizantes, a Secretaria Municipal de Sa\u00fade volta a alertar que o atendimento ser\u00e1 prioritariamente para as pessoas que agendarem atrav\u00e9s do aplicativo Vacina Jo\u00e3o Pessoa ou no site&nbsp;vacina.joaopessoa.pb.gov.br. Com o agendamento, o cidad\u00e3o garante que ser\u00e1 vacinado no local indicado neste s\u00e1bado. Aquelas pessoas que tiverem dificuldades com a ferramenta eletr\u00f4nica podem ir at\u00e9 os postos de vacina\u00e7\u00e3o para receber ajuda nessa opera\u00e7\u00e3o, por\u00e9m, ter\u00e3o de se submeter \u00e0 fila espec\u00edfica sem a certeza de tomar a vacina. Transporte gratuito As pessoas que precisarem se deslocar de um bairro a outro para tomar a vacina, podem utilizar os servi\u00e7os gratuitos dos aplicativos 99 e Uber, em parceria com a Prefeitura de Jo\u00e3o Pessoa e Governo da Para\u00edba, respectivamente. Para garantir o acesso ao servi\u00e7o da 99, o cidad\u00e3o que usar a plataforma para o deslocamento at\u00e9 o ponto de vacina\u00e7\u00e3o dever\u00e1 acessar o aplicativo na categoria 99 Pop e inserir o c\u00f3digo promocional \u2018Promocodes\u2019, que ser\u00e1 destinado exclusivamente para o transporte at\u00e9 os pontos de vacina\u00e7\u00e3o em Jo\u00e3o Pessoa. Na parceria do Governo do Estado com o aplicativo Uber, o c\u00f3digo que dever\u00e1 ser inserido nas viagens \u00e9 o VACINAPB e cada usu\u00e1rio s\u00f3 pode inseri-lo uma vez, garantindo a gratuidade para as duas viagens limitada a R$ 25, cada. Solidariedade Os postos de vacina\u00e7\u00e3o tamb\u00e9m est\u00e3o abertos, nesses dias de luta contra a Covid-19, para receber as doa\u00e7\u00f5es de alimentos n\u00e3o perec\u00edveis. Ap\u00f3s a arrecada\u00e7\u00e3o, eles ser\u00e3o distribu\u00eddos com institui\u00e7\u00f5es de caridade e fam\u00edlias necessitadas, atingidas pelos efeitos dessa pandemia. A arrecada\u00e7\u00e3o e a distribui\u00e7\u00e3o integram uma iniciativa conjunta da Prefeitura de Jo\u00e3o Pessoa e do Governo do Estado. Lembrando que a doa\u00e7\u00e3o \u00e9 um ato espont\u00e2neo e pessoal, n\u00e3o havendo nenhuma imposi\u00e7\u00e3o. Aquelas pessoas que quiserem doar, mesmo que n\u00e3o estejam indo se vacinar, tamb\u00e9m ser\u00e1 bem-vinda a sua doa\u00e7\u00e3o. Gin\u00e1sios e Centro Cultural (2\u00aa dose) \u2013 8h \u00e0s 12h Distrito Sanit\u00e1rio I Escola Municipal Dom Jos\u00e9 Maria Pires (Oitizeiro) Distrito Sanit\u00e1rio II Escola M. Jornalista Raimundo Nonato Batista (Gramame) Distrito Sanit\u00e1rio III Centro Cultural Tenente Lucena (Mangabeira) Distrito Sanit\u00e1rio IV Gin\u00e1sio Ivan Cantisani (Tambi\u00e1) Distrito Sanit\u00e1rio V Escola Municipal Ser\u00e1fico da N\u00f3brega (Tamba\u00fa) Drive thru (2\u00aa dose) \u2013 9h \u00e0s 15h Santu\u00e1rio M\u00e3e Rainha (Aeroclube) Gin\u00e1sio O Ronald\u00e3o (Cristo) ClickPB<\/p>\n","protected":false},"author":6,"featured_media":215586,"comment_status":"closed","ping_status":"closed","sticky":false,"template":"","format":"standard","meta":{"sfsi_plus_gutenberg_text_before_share":"","sfsi_plus_gutenberg_show_text_before_share":"","sfsi_plus_gutenberg_icon_type":"","sfsi_plus_gutenberg_icon_alignemt":"","sfsi_plus_gutenburg_max_per_row":"","footnotes":""},"categories":[124,115],"tags":[],"class_list":["post-215585","post","type-post","status-publish","format-standard","has-post-thumbnail","hentry","category-covid-19","category-joao-pessoa"],"_links":{"self":[{"href":"https:\/\/www.caririemacao.com\/1\/wp-json\/wp\/v2\/posts\/215585","targetHints":{"allow":["GET"]}}],"collection":[{"href":"https:\/\/www.caririemacao.com\/1\/wp-json\/wp\/v2\/posts"}],"about":[{"href":"https:\/\/www.caririemacao.com\/1\/wp-json\/wp\/v2\/types\/post"}],"author":[{"embeddable":true,"href":"https:\/\/www.caririemacao.com\/1\/wp-json\/wp\/v2\/users\/6"}],"replies":[{"embeddable":true,"href":"https:\/\/www.caririemacao.com\/1\/wp-json\/wp\/v2\/comments?post=215585"}],"version-history":[{"count":1,"href":"https:\/\/www.caririemacao.com\/1\/wp-json\/wp\/v2\/posts\/215585\/revisions"}],"predecessor-version":[{"id":215587,"href":"https:\/\/www.caririemacao.com\/1\/wp-json\/wp\/v2\/posts\/215585\/revisions\/215587"}],"wp:featuredmedia":[{"embeddable":true,"href":"https:\/\/www.caririemacao.com\/1\/wp-json\/wp\/v2\/media\/215586"}],"wp:attachment":[{"href":"https:\/\/www.caririemacao.com\/1\/wp-json\/wp\/v2\/media?parent=215585"}],"wp:term":[{"taxonomy":"category","embeddable":true,"href":"https:\/\/www.caririemacao.com\/1\/wp-json\/wp\/v2\/categories?post=215585"},{"taxonomy":"post_tag","embeddable":true,"href":"https:\/\/www.caririemacao.com\/1\/wp-json\/wp\/v2\/tags?post=215585"}],"curies":[{"name":"wp","href":"https:\/\/api.w.org\/{rel}","templated":true}]}}