{"id":216298,"date":"2021-04-30T09:56:47","date_gmt":"2021-04-30T12:56:47","guid":{"rendered":"https:\/\/www.caririemacao.com\/1\/?p=216298"},"modified":"2021-04-30T09:57:52","modified_gmt":"2021-04-30T12:57:52","slug":"ibge-estima-que-desempregados-no-brasil-sao-144-milhoes","status":"publish","type":"post","link":"https:\/\/www.caririemacao.com\/1\/2021\/04\/30\/ibge-estima-que-desempregados-no-brasil-sao-144-milhoes\/","title":{"rendered":"IBGE estima que desempregados no Brasil s\u00e3o 14,4 milh\u00f5es"},"content":{"rendered":"\n<p class=\"wp-block-paragraph\">O n\u00famero de desempregados no Brasil foi estimado em 14,4 milh\u00f5es no trimestre encerrado em fevereiro, o maior contingente desde 2012, in\u00edcio da s\u00e9rie hist\u00f3rica da Pesquisa Nacional por Amostra de Domic\u00edlios (Pnad) Cont\u00ednua, divulgada hoje (30), no Rio de Janeiro, pelo Instituto Brasileiro de Geografia e Estat\u00edstica (IBGE).<img decoding=\"async\" src=\"https:\/\/agenciabrasil.ebc.com.br\/ebc.png?id=1408287&amp;o=node\"><img decoding=\"async\" src=\"https:\/\/agenciabrasil.ebc.com.br\/ebc.gif?id=1408287&amp;o=node\"><\/p>\n\n\n\n<p class=\"wp-block-paragraph\">O resultado representa alta de 2,9%, ou de mais 400 mil pessoas desocupadas em rela\u00e7\u00e3o ao trimestre anterior, de setembro a novembro de 2020, quando a desocupa\u00e7\u00e3o foi calculada em 14 milh\u00f5es de pessoas.<\/p>\n\n\n\n<p class=\"wp-block-paragraph\">Mesmo assim, segundo o IBGE, a taxa de desocupa\u00e7\u00e3o ficou est\u00e1vel em 14,4% em rela\u00e7\u00e3o ao trimestre anterior (14,1%), mas apresentou alta de 2,7 pontos percentuais na compara\u00e7\u00e3o com igual trimestre do ano passado, quando foi estimada em 11,6%.<\/p>\n\n\n\n<p class=\"wp-block-paragraph\">Segundo a analista da pesquisa, Adriana Beringuy, embora haja a estabilidade na taxa de ocupa\u00e7\u00e3o, j\u00e1 \u00e9 poss\u00edvel notar uma press\u00e3o maior com 14,4 milh\u00f5es de pessoas procurando trabalho. A pesquisadora destacou que n\u00e3o houve, nesse trimestre, gera\u00e7\u00e3o significativa de postos de trabalho, o que tamb\u00e9m foi observado na estabilidade de todas as atividades econ\u00f4micas, muitas ainda retendo trabalhadores, mas outras j\u00e1 apontando um processo de dispensa como o com\u00e9rcio, a ind\u00fastria e alojamentos e alimenta\u00e7\u00e3o.<\/p>\n\n\n\n<h4 class=\"wp-block-heading\">Trabalho informal<\/h4>\n\n\n\n<p class=\"wp-block-paragraph\">\u201cO trimestre volta a repetir a preponder\u00e2ncia do trabalho informal, refor\u00e7ando movimentos que j\u00e1 vimos em outras divulga\u00e7\u00f5es &#8211; a import\u00e2ncia do trabalhador por conta pr\u00f3pria para a manuten\u00e7\u00e3o da ocupa\u00e7\u00e3o\u201d, disse Adriana, em nota.<\/p>\n\n\n\n<p class=\"wp-block-paragraph\">De acordo com o IBGE, a estabilidade do contingente de pessoas ocupadas &#8211; aproximadamente 85,9 milh\u00f5es no trimestre encerrado em fevereiro de 2021 \u2013 \u00e9 decorrente da informalidade, com o aumento dos trabalhadores por conta pr\u00f3pria. Em rela\u00e7\u00e3o ao mesmo trimestre do ano anterior, o contingente de pessoas ocupadas apresentou queda de 8,3%, representando uma redu\u00e7\u00e3o de 7,8 milh\u00f5es de empregados.<\/p>\n\n\n\n<p class=\"wp-block-paragraph\">Apenas a categoria de trabalhadores por conta pr\u00f3pria, que totaliza 23,7 milh\u00f5es de pessoas, apresentou crescimento (3,1%) na compara\u00e7\u00e3o com o trimestre anterior (setembro a novembro de 2020), significando a adi\u00e7\u00e3o de 716 mil pessoas neste contingente. Em rela\u00e7\u00e3o ao mesmo per\u00edodo do ano anterior, o indicador apresentou uma redu\u00e7\u00e3o de 824 mil postos.<\/p>\n\n\n\n<p class=\"wp-block-paragraph\">As demais categorias apresentaram estabilidade em rela\u00e7\u00e3o ao trimestre anterior. Os trabalhadores do setor privado com carteira de trabalho assinada foram calculados em 29,7 milh\u00f5es de pessoas. Os empregadores e trabalhadores do setor privado sem carteira assinada somam 9,8 milh\u00f5es de pessoas. E os empregadores s\u00e3o 3,9 milh\u00f5es de pessoas.<\/p>\n\n\n\n<h4 class=\"wp-block-heading\">Estabilidade<\/h4>\n\n\n\n<p class=\"wp-block-paragraph\">A popula\u00e7\u00e3o fora da for\u00e7a de trabalho &#8211; que n\u00e3o estava nem ocupada nem desocupada na semana de refer\u00eancia &#8211; manteve-se est\u00e1vel em 76,4 milh\u00f5es, quando comparada com o trimestre de setembro a novembro de 2020. Frente ao mesmo trimestre do ano anterior, houve expans\u00e3o de 15,9% com o acr\u00e9scimo de 10,5 milh\u00f5es de pessoas.<\/p>\n\n\n\n<p class=\"wp-block-paragraph\">A analista do IBGE disse, ainda, que esse \u00e9 um indicador que cresceu muito em 2020, em fun\u00e7\u00e3o do afastamento das pessoas do mercado de trabalho, voltando a se retrair a partir de outubro e agora encontra-se est\u00e1vel.<\/p>\n\n\n\n<p class=\"wp-block-paragraph\">\u201cEssa popula\u00e7\u00e3o fora da for\u00e7a foi afetada pelas restri\u00e7\u00f5es de funcionamento das atividades econ\u00f4micas e pelas medidas de prote\u00e7\u00e3o. Muitas deixaram de procurar trabalho, outras perderam o trabalho e n\u00e3o viam condi\u00e7\u00f5es de se reinserir, parando de exercer press\u00e3o no mercado de trabalho. Quando confrontamos com fevereiro de 2020, a popula\u00e7\u00e3o fora da for\u00e7a de trabalho \u00e9 muito maior em fun\u00e7\u00e3o da pr\u00f3pria din\u00e2mica que a pandemia trouxe para o mercado de trabalho\u201d, afirmou.<\/p>\n\n\n\n<p class=\"wp-block-paragraph\"><em>Ag\u00eancia Brasil<\/em><\/p>\n","protected":false},"excerpt":{"rendered":"<p>O n\u00famero de desempregados no Brasil foi estimado em 14,4 milh\u00f5es no trimestre encerrado em fevereiro, o maior contingente desde 2012, in\u00edcio da s\u00e9rie hist\u00f3rica da Pesquisa Nacional por Amostra de Domic\u00edlios (Pnad) Cont\u00ednua, divulgada hoje (30), no Rio de Janeiro, pelo Instituto Brasileiro de Geografia e Estat\u00edstica (IBGE). O resultado representa alta de 2,9%, ou de mais 400 mil pessoas desocupadas em rela\u00e7\u00e3o ao trimestre anterior, de setembro a novembro de 2020, quando a desocupa\u00e7\u00e3o foi calculada em 14 milh\u00f5es de pessoas. Mesmo assim, segundo o IBGE, a taxa de desocupa\u00e7\u00e3o ficou est\u00e1vel em 14,4% em rela\u00e7\u00e3o ao trimestre anterior (14,1%), mas apresentou alta de 2,7 pontos percentuais na compara\u00e7\u00e3o com igual trimestre do ano passado, quando foi estimada em 11,6%. Segundo a analista da pesquisa, Adriana Beringuy, embora haja a estabilidade na taxa de ocupa\u00e7\u00e3o, j\u00e1 \u00e9 poss\u00edvel notar uma press\u00e3o maior com 14,4 milh\u00f5es de pessoas procurando trabalho. A pesquisadora destacou que n\u00e3o houve, nesse trimestre, gera\u00e7\u00e3o significativa de postos de trabalho, o que tamb\u00e9m foi observado na estabilidade de todas as atividades econ\u00f4micas, muitas ainda retendo trabalhadores, mas outras j\u00e1 apontando um processo de dispensa como o com\u00e9rcio, a ind\u00fastria e alojamentos e alimenta\u00e7\u00e3o. Trabalho informal \u201cO trimestre volta a repetir a preponder\u00e2ncia do trabalho informal, refor\u00e7ando movimentos que j\u00e1 vimos em outras divulga\u00e7\u00f5es &#8211; a import\u00e2ncia do trabalhador por conta pr\u00f3pria para a manuten\u00e7\u00e3o da ocupa\u00e7\u00e3o\u201d, disse Adriana, em nota. De acordo com o IBGE, a estabilidade do contingente de pessoas ocupadas &#8211; aproximadamente 85,9 milh\u00f5es no trimestre encerrado em fevereiro de 2021 \u2013 \u00e9 decorrente da informalidade, com o aumento dos trabalhadores por conta pr\u00f3pria. Em rela\u00e7\u00e3o ao mesmo trimestre do ano anterior, o contingente de pessoas ocupadas apresentou queda de 8,3%, representando uma redu\u00e7\u00e3o de 7,8 milh\u00f5es de empregados. Apenas a categoria de trabalhadores por conta pr\u00f3pria, que totaliza 23,7 milh\u00f5es de pessoas, apresentou crescimento (3,1%) na compara\u00e7\u00e3o com o trimestre anterior (setembro a novembro de 2020), significando a adi\u00e7\u00e3o de 716 mil pessoas neste contingente. Em rela\u00e7\u00e3o ao mesmo per\u00edodo do ano anterior, o indicador apresentou uma redu\u00e7\u00e3o de 824 mil postos. As demais categorias apresentaram estabilidade em rela\u00e7\u00e3o ao trimestre anterior. Os trabalhadores do setor privado com carteira de trabalho assinada foram calculados em 29,7 milh\u00f5es de pessoas. Os empregadores e trabalhadores do setor privado sem carteira assinada somam 9,8 milh\u00f5es de pessoas. E os empregadores s\u00e3o 3,9 milh\u00f5es de pessoas. Estabilidade A popula\u00e7\u00e3o fora da for\u00e7a de trabalho &#8211; que n\u00e3o estava nem ocupada nem desocupada na semana de refer\u00eancia &#8211; manteve-se est\u00e1vel em 76,4 milh\u00f5es, quando comparada com o trimestre de setembro a novembro de 2020. Frente ao mesmo trimestre do ano anterior, houve expans\u00e3o de 15,9% com o acr\u00e9scimo de 10,5 milh\u00f5es de pessoas. A analista do IBGE disse, ainda, que esse \u00e9 um indicador que cresceu muito em 2020, em fun\u00e7\u00e3o do afastamento das pessoas do mercado de trabalho, voltando a se retrair a partir de outubro e agora encontra-se est\u00e1vel. \u201cEssa popula\u00e7\u00e3o fora da for\u00e7a foi afetada pelas restri\u00e7\u00f5es de funcionamento das atividades econ\u00f4micas e pelas medidas de prote\u00e7\u00e3o. Muitas deixaram de procurar trabalho, outras perderam o trabalho e n\u00e3o viam condi\u00e7\u00f5es de se reinserir, parando de exercer press\u00e3o no mercado de trabalho. Quando confrontamos com fevereiro de 2020, a popula\u00e7\u00e3o fora da for\u00e7a de trabalho \u00e9 muito maior em fun\u00e7\u00e3o da pr\u00f3pria din\u00e2mica que a pandemia trouxe para o mercado de trabalho\u201d, afirmou. Ag\u00eancia Brasil<\/p>\n","protected":false},"author":6,"featured_media":216303,"comment_status":"closed","ping_status":"closed","sticky":false,"template":"","format":"standard","meta":{"sfsi_plus_gutenberg_text_before_share":"","sfsi_plus_gutenberg_show_text_before_share":"","sfsi_plus_gutenberg_icon_type":"","sfsi_plus_gutenberg_icon_alignemt":"","sfsi_plus_gutenburg_max_per_row":"","footnotes":""},"categories":[123],"tags":[],"class_list":["post-216298","post","type-post","status-publish","format-standard","has-post-thumbnail","hentry","category-brasil"],"_links":{"self":[{"href":"https:\/\/www.caririemacao.com\/1\/wp-json\/wp\/v2\/posts\/216298","targetHints":{"allow":["GET"]}}],"collection":[{"href":"https:\/\/www.caririemacao.com\/1\/wp-json\/wp\/v2\/posts"}],"about":[{"href":"https:\/\/www.caririemacao.com\/1\/wp-json\/wp\/v2\/types\/post"}],"author":[{"embeddable":true,"href":"https:\/\/www.caririemacao.com\/1\/wp-json\/wp\/v2\/users\/6"}],"replies":[{"embeddable":true,"href":"https:\/\/www.caririemacao.com\/1\/wp-json\/wp\/v2\/comments?post=216298"}],"version-history":[{"count":2,"href":"https:\/\/www.caririemacao.com\/1\/wp-json\/wp\/v2\/posts\/216298\/revisions"}],"predecessor-version":[{"id":216306,"href":"https:\/\/www.caririemacao.com\/1\/wp-json\/wp\/v2\/posts\/216298\/revisions\/216306"}],"wp:featuredmedia":[{"embeddable":true,"href":"https:\/\/www.caririemacao.com\/1\/wp-json\/wp\/v2\/media\/216303"}],"wp:attachment":[{"href":"https:\/\/www.caririemacao.com\/1\/wp-json\/wp\/v2\/media?parent=216298"}],"wp:term":[{"taxonomy":"category","embeddable":true,"href":"https:\/\/www.caririemacao.com\/1\/wp-json\/wp\/v2\/categories?post=216298"},{"taxonomy":"post_tag","embeddable":true,"href":"https:\/\/www.caririemacao.com\/1\/wp-json\/wp\/v2\/tags?post=216298"}],"curies":[{"name":"wp","href":"https:\/\/api.w.org\/{rel}","templated":true}]}}