{"id":217258,"date":"2021-05-08T06:36:49","date_gmt":"2021-05-08T09:36:49","guid":{"rendered":"https:\/\/www.caririemacao.com\/1\/?p=217258"},"modified":"2021-05-08T06:36:51","modified_gmt":"2021-05-08T09:36:51","slug":"com-a-presenca-da-prefeita-lorena-secretaria-de-desenvolvimento-social-promove-homenagem-as-maes-monteirenses","status":"publish","type":"post","link":"https:\/\/www.caririemacao.com\/1\/2021\/05\/08\/com-a-presenca-da-prefeita-lorena-secretaria-de-desenvolvimento-social-promove-homenagem-as-maes-monteirenses\/","title":{"rendered":"Com a presen\u00e7a da Prefeita Lorena, Secretaria de Desenvolvimento Social promove homenagem \u00e0s M\u00e3es monteirenses"},"content":{"rendered":"\n<p>A Secretaria de Desenvolvimento Social da Prefeitura de Monteiro realizou na tarde desta quinta-feira, 06, realizou um importante evento em homenagem \u00e0s M\u00e3es assistidas pelo Programa Sopa da Gente.<\/p>\n\n\n\n<p>No evento, que aconteceu durante a entrega da sopa \u00e0s 700 fam\u00edlias beneficiadas com o Programa, houve apresenta\u00e7\u00e3o cultural com o cantor Osmando Silva e o m\u00fasico Gilmar Sousa, al\u00e9m da distribui\u00e7\u00e3o de iogurte, bolos e mensagens alusivas ao Dia das M\u00e3es.<\/p>\n\n\n\n<p>As m\u00e3es que participaram da solenidade, n\u00e3o pouparam elogios a organiza\u00e7\u00e3o do evento e ressaltaram a import\u00e2ncia dos programas sociais desenvolvidos pela Prefeitura, manifestaram a sua gratid\u00e3o, amor e carinho pela Prefeita Ana Lorena, enfatizando o trabalho realizado pela Prefeita Monteirense.<\/p>\n\n\n\n<p>O Vereador Sargento Farias tamb\u00e9m participou do evento que teve a organiza\u00e7\u00e3o e coordena\u00e7\u00e3o da secret\u00e1ria Rosa Aleixo.<\/p>\n\n\n\n<p>O evento em homenagem \u00e0s M\u00e3es promovido pela Secretaria de Desenvolvimento Social da Prefeitura de Monteiro cumpriu todos os protocolos estabelecidos pelas organiza\u00e7\u00f5es de sa\u00fade, com a disponibiliza\u00e7\u00e3o de \u00e1lcool em gel, uso de m\u00e1scaras, aferi\u00e7\u00e3o da temperatura e distanciamento social.<\/p>\n\n\n\n<figure class=\"wp-block-image size-large\"><img fetchpriority=\"high\" decoding=\"async\" width=\"1280\" height=\"831\" src=\"https:\/\/www.caririemacao.com\/1\/wp-content\/uploads\/2021\/05\/Desenvolvimento-Social-promove-homenagem-as-Maes-monteirenses-7.jpeg\" alt=\"\" class=\"wp-image-217259\" srcset=\"https:\/\/www.caririemacao.com\/1\/wp-content\/uploads\/2021\/05\/Desenvolvimento-Social-promove-homenagem-as-Maes-monteirenses-7.jpeg 1280w, https:\/\/www.caririemacao.com\/1\/wp-content\/uploads\/2021\/05\/Desenvolvimento-Social-promove-homenagem-as-Maes-monteirenses-7-300x195.jpeg 300w, https:\/\/www.caririemacao.com\/1\/wp-content\/uploads\/2021\/05\/Desenvolvimento-Social-promove-homenagem-as-Maes-monteirenses-7-768x499.jpeg 768w\" sizes=\"(max-width: 1280px) 100vw, 1280px\" \/><\/figure>\n\n\n\n<figure class=\"wp-block-image size-large\"><img decoding=\"async\" width=\"1280\" height=\"851\" data-src=\"https:\/\/www.caririemacao.com\/1\/wp-content\/uploads\/2021\/05\/Desenvolvimento-Social-promove-homenagem-as-Maes-monteirenses-1.jpeg\" alt=\"\" class=\"wp-image-217260 lazyload\" data-srcset=\"https:\/\/www.caririemacao.com\/1\/wp-content\/uploads\/2021\/05\/Desenvolvimento-Social-promove-homenagem-as-Maes-monteirenses-1.jpeg 1280w, https:\/\/www.caririemacao.com\/1\/wp-content\/uploads\/2021\/05\/Desenvolvimento-Social-promove-homenagem-as-Maes-monteirenses-1-300x199.jpeg 300w, https:\/\/www.caririemacao.com\/1\/wp-content\/uploads\/2021\/05\/Desenvolvimento-Social-promove-homenagem-as-Maes-monteirenses-1-768x511.jpeg 768w\" data-sizes=\"(max-width: 1280px) 100vw, 1280px\" src=\"data:image\/svg+xml;base64,PHN2ZyB3aWR0aD0iMSIgaGVpZ2h0PSIxIiB4bWxucz0iaHR0cDovL3d3dy53My5vcmcvMjAwMC9zdmciPjwvc3ZnPg==\" style=\"--smush-placeholder-width: 1280px; --smush-placeholder-aspect-ratio: 1280\/851;\" \/><\/figure>\n\n\n\n<figure class=\"wp-block-image size-large\"><img decoding=\"async\" width=\"1280\" height=\"851\" data-src=\"https:\/\/www.caririemacao.com\/1\/wp-content\/uploads\/2021\/05\/Desenvolvimento-Social-promove-homenagem-as-Maes-monteirenses-2.jpeg\" alt=\"\" class=\"wp-image-217261 lazyload\" data-srcset=\"https:\/\/www.caririemacao.com\/1\/wp-content\/uploads\/2021\/05\/Desenvolvimento-Social-promove-homenagem-as-Maes-monteirenses-2.jpeg 1280w, https:\/\/www.caririemacao.com\/1\/wp-content\/uploads\/2021\/05\/Desenvolvimento-Social-promove-homenagem-as-Maes-monteirenses-2-300x199.jpeg 300w, https:\/\/www.caririemacao.com\/1\/wp-content\/uploads\/2021\/05\/Desenvolvimento-Social-promove-homenagem-as-Maes-monteirenses-2-768x511.jpeg 768w\" data-sizes=\"(max-width: 1280px) 100vw, 1280px\" src=\"data:image\/svg+xml;base64,PHN2ZyB3aWR0aD0iMSIgaGVpZ2h0PSIxIiB4bWxucz0iaHR0cDovL3d3dy53My5vcmcvMjAwMC9zdmciPjwvc3ZnPg==\" style=\"--smush-placeholder-width: 1280px; --smush-placeholder-aspect-ratio: 1280\/851;\" \/><\/figure>\n\n\n\n<figure class=\"wp-block-image size-large\"><img decoding=\"async\" width=\"1280\" height=\"865\" data-src=\"https:\/\/www.caririemacao.com\/1\/wp-content\/uploads\/2021\/05\/Desenvolvimento-Social-promove-homenagem-as-Maes-monteirenses-5.jpeg\" alt=\"\" class=\"wp-image-217262 lazyload\" data-srcset=\"https:\/\/www.caririemacao.com\/1\/wp-content\/uploads\/2021\/05\/Desenvolvimento-Social-promove-homenagem-as-Maes-monteirenses-5.jpeg 1280w, https:\/\/www.caririemacao.com\/1\/wp-content\/uploads\/2021\/05\/Desenvolvimento-Social-promove-homenagem-as-Maes-monteirenses-5-300x203.jpeg 300w, https:\/\/www.caririemacao.com\/1\/wp-content\/uploads\/2021\/05\/Desenvolvimento-Social-promove-homenagem-as-Maes-monteirenses-5-768x519.jpeg 768w\" data-sizes=\"(max-width: 1280px) 100vw, 1280px\" src=\"data:image\/svg+xml;base64,PHN2ZyB3aWR0aD0iMSIgaGVpZ2h0PSIxIiB4bWxucz0iaHR0cDovL3d3dy53My5vcmcvMjAwMC9zdmciPjwvc3ZnPg==\" style=\"--smush-placeholder-width: 1280px; --smush-placeholder-aspect-ratio: 1280\/865;\" \/><\/figure>\n","protected":false},"excerpt":{"rendered":"<p>A Secretaria de Desenvolvimento Social da Prefeitura de Monteiro realizou na tarde desta quinta-feira, 06, realizou um importante evento em homenagem \u00e0s M\u00e3es assistidas pelo&hellip; <\/p>\n","protected":false},"author":6,"featured_media":217259,"comment_status":"closed","ping_status":"closed","sticky":false,"template":"","format":"standard","meta":{"sfsi_plus_gutenberg_text_before_share":"","sfsi_plus_gutenberg_show_text_before_share":"","sfsi_plus_gutenberg_icon_type":"","sfsi_plus_gutenberg_icon_alignemt":"","sfsi_plus_gutenburg_max_per_row":"","footnotes":""},"categories":[81],"tags":[],"class_list":["post-217258","post","type-post","status-publish","format-standard","has-post-thumbnail","hentry","category-monteiro"],"_links":{"self":[{"href":"https:\/\/www.caririemacao.com\/1\/wp-json\/wp\/v2\/posts\/217258","targetHints":{"allow":["GET"]}}],"collection":[{"href":"https:\/\/www.caririemacao.com\/1\/wp-json\/wp\/v2\/posts"}],"about":[{"href":"https:\/\/www.caririemacao.com\/1\/wp-json\/wp\/v2\/types\/post"}],"author":[{"embeddable":true,"href":"https:\/\/www.caririemacao.com\/1\/wp-json\/wp\/v2\/users\/6"}],"replies":[{"embeddable":true,"href":"https:\/\/www.caririemacao.com\/1\/wp-json\/wp\/v2\/comments?post=217258"}],"version-history":[{"count":1,"href":"https:\/\/www.caririemacao.com\/1\/wp-json\/wp\/v2\/posts\/217258\/revisions"}],"predecessor-version":[{"id":217263,"href":"https:\/\/www.caririemacao.com\/1\/wp-json\/wp\/v2\/posts\/217258\/revisions\/217263"}],"wp:featuredmedia":[{"embeddable":true,"href":"https:\/\/www.caririemacao.com\/1\/wp-json\/wp\/v2\/media\/217259"}],"wp:attachment":[{"href":"https:\/\/www.caririemacao.com\/1\/wp-json\/wp\/v2\/media?parent=217258"}],"wp:term":[{"taxonomy":"category","embeddable":true,"href":"https:\/\/www.caririemacao.com\/1\/wp-json\/wp\/v2\/categories?post=217258"},{"taxonomy":"post_tag","embeddable":true,"href":"https:\/\/www.caririemacao.com\/1\/wp-json\/wp\/v2\/tags?post=217258"}],"curies":[{"name":"wp","href":"https:\/\/api.w.org\/{rel}","templated":true}]}}