{"id":217905,"date":"2021-05-14T06:54:54","date_gmt":"2021-05-14T09:54:54","guid":{"rendered":"https:\/\/www.caririemacao.com\/1\/?p=217905"},"modified":"2021-05-14T06:54:56","modified_gmt":"2021-05-14T09:54:56","slug":"jovem-agricultor-morre-eletrocutado-ao-consertar-poco-na-zona-rural-de-santo-andre","status":"publish","type":"post","link":"https:\/\/www.caririemacao.com\/1\/2021\/05\/14\/jovem-agricultor-morre-eletrocutado-ao-consertar-poco-na-zona-rural-de-santo-andre\/","title":{"rendered":"Jovem agricultor morre eletrocutado ao consertar po\u00e7o na zona rural de Santo Andr\u00e9"},"content":{"rendered":"\n<p class=\"wp-block-paragraph\">Uma grande fatalidade abalou a pacata cidade de Santo Andr\u00e9 na tarde desta quarta-feira (12). O jovem produtor de leite Geilson Rodrigues Vilar, de apenas 25 anos, morreu ao tentar consertar um po\u00e7o no s\u00edtio Campos, zona rural de Santo Andr\u00e9.<\/p>\n\n\n\n<p class=\"wp-block-paragraph\">Ele estava na companhia de seu irm\u00e3o, quando sofreu uma descarga el\u00e9trica oriunda dos equipamentos que ligam o po\u00e7o. O choque foi muito intenso. Segundo informa\u00e7\u00f5es repassadas \u00e0 reportagem do portal De Olho no Cariri, o irm\u00e3o ainda tentou socorr\u00ea-lo, mas acabou levando outra descarga que o arremessou longe. Populares falam que por sorte ele n\u00e3o teve o mesmo fim.<\/p>\n\n\n\n<p class=\"wp-block-paragraph\">Geilson Rodrigues Vilar ainda chegou a ser socorrido pelo Samu, mas n\u00e3o resistiu e veio a \u00f3bito. Ele estava prestes a ver nascer sua primeira filha, j\u00e1 que sua mulher estava gr\u00e1vida de 7 meses. O jovem \u00e9 filho de seu Edivaldo Vilar da Silva e Maria dos Anjos Rodrigues Silva.<\/p>\n\n\n\n<p class=\"wp-block-paragraph\">O vel\u00f3rio ser\u00e1 em sua resid\u00eancia, no s\u00edtio Curimataes, e o sepultamento deve ocorrer at\u00e9 o final da tarde desta quinta-feira (13). A popula\u00e7\u00e3o de Santo Andr\u00e9 e o prefeito Edglei Amorim lamentaram a perda do jovem agricultor.<\/p>\n\n\n\n<p class=\"wp-block-paragraph\"><\/p>\n\n\n\n<p class=\"wp-block-paragraph\"><strong><em>De Olho no Cariri<\/em><\/strong><\/p>\n","protected":false},"excerpt":{"rendered":"<p>Uma grande fatalidade abalou a pacata cidade de Santo Andr\u00e9 na tarde desta quarta-feira (12). O jovem produtor de leite Geilson Rodrigues Vilar, de apenas 25 anos, morreu ao tentar consertar um po\u00e7o no s\u00edtio Campos, zona rural de Santo Andr\u00e9. Ele estava na companhia de seu irm\u00e3o, quando sofreu uma descarga el\u00e9trica oriunda dos equipamentos que ligam o po\u00e7o. O choque foi muito intenso. Segundo informa\u00e7\u00f5es repassadas \u00e0 reportagem do portal De Olho no Cariri, o irm\u00e3o ainda tentou socorr\u00ea-lo, mas acabou levando outra descarga que o arremessou longe. Populares falam que por sorte ele n\u00e3o teve o mesmo fim. Geilson Rodrigues Vilar ainda chegou a ser socorrido pelo Samu, mas n\u00e3o resistiu e veio a \u00f3bito. Ele estava prestes a ver nascer sua primeira filha, j\u00e1 que sua mulher estava gr\u00e1vida de 7 meses. O jovem \u00e9 filho de seu Edivaldo Vilar da Silva e Maria dos Anjos Rodrigues Silva. O vel\u00f3rio ser\u00e1 em sua resid\u00eancia, no s\u00edtio Curimataes, e o sepultamento deve ocorrer at\u00e9 o final da tarde desta quinta-feira (13). A popula\u00e7\u00e3o de Santo Andr\u00e9 e o prefeito Edglei Amorim lamentaram a perda do jovem agricultor. De Olho no Cariri<\/p>\n","protected":false},"author":6,"featured_media":217906,"comment_status":"closed","ping_status":"closed","sticky":false,"template":"","format":"standard","meta":{"sfsi_plus_gutenberg_text_before_share":"","sfsi_plus_gutenberg_show_text_before_share":"","sfsi_plus_gutenberg_icon_type":"","sfsi_plus_gutenberg_icon_alignemt":"","sfsi_plus_gutenburg_max_per_row":"","footnotes":""},"categories":[86],"tags":[],"class_list":["post-217905","post","type-post","status-publish","format-standard","has-post-thumbnail","hentry","category-santo-andre"],"_links":{"self":[{"href":"https:\/\/www.caririemacao.com\/1\/wp-json\/wp\/v2\/posts\/217905","targetHints":{"allow":["GET"]}}],"collection":[{"href":"https:\/\/www.caririemacao.com\/1\/wp-json\/wp\/v2\/posts"}],"about":[{"href":"https:\/\/www.caririemacao.com\/1\/wp-json\/wp\/v2\/types\/post"}],"author":[{"embeddable":true,"href":"https:\/\/www.caririemacao.com\/1\/wp-json\/wp\/v2\/users\/6"}],"replies":[{"embeddable":true,"href":"https:\/\/www.caririemacao.com\/1\/wp-json\/wp\/v2\/comments?post=217905"}],"version-history":[{"count":1,"href":"https:\/\/www.caririemacao.com\/1\/wp-json\/wp\/v2\/posts\/217905\/revisions"}],"predecessor-version":[{"id":217907,"href":"https:\/\/www.caririemacao.com\/1\/wp-json\/wp\/v2\/posts\/217905\/revisions\/217907"}],"wp:featuredmedia":[{"embeddable":true,"href":"https:\/\/www.caririemacao.com\/1\/wp-json\/wp\/v2\/media\/217906"}],"wp:attachment":[{"href":"https:\/\/www.caririemacao.com\/1\/wp-json\/wp\/v2\/media?parent=217905"}],"wp:term":[{"taxonomy":"category","embeddable":true,"href":"https:\/\/www.caririemacao.com\/1\/wp-json\/wp\/v2\/categories?post=217905"},{"taxonomy":"post_tag","embeddable":true,"href":"https:\/\/www.caririemacao.com\/1\/wp-json\/wp\/v2\/tags?post=217905"}],"curies":[{"name":"wp","href":"https:\/\/api.w.org\/{rel}","templated":true}]}}