{"id":21852,"date":"2017-06-15T13:33:00","date_gmt":"2017-06-15T16:33:00","guid":{"rendered":"http:\/\/caririemacao.com\/1\/?p=21852"},"modified":"2017-06-15T13:34:11","modified_gmt":"2017-06-15T16:34:11","slug":"moro-manda-lula-pagar-custo-de-tradutor-para-testemunhas","status":"publish","type":"post","link":"https:\/\/www.caririemacao.com\/1\/2017\/06\/15\/moro-manda-lula-pagar-custo-de-tradutor-para-testemunhas\/","title":{"rendered":"Moro manda Lula pagar custo de tradutor para testemunhas"},"content":{"rendered":"<p>A defesa do ex-presidente Luiz In\u00e1cio Lula da Silva ter\u00e1 de arcar com custos de tradu\u00e7\u00e3o para duas de suas testemunhas que ser\u00e3o ouvidas em a\u00e7\u00e3o penal sobre suposto recebimento da Odebrecht no \u00e2mbito da Opera\u00e7\u00e3o Lava Jato. A determina\u00e7\u00e3o \u00e9 do juiz federal S\u00e9rgio Moro. O magistrado autorizou anteontem a vinda de um tradutor para Curitiba desde que a defesa pague por estas despesas.<\/p>\n<p>As duas testemunhas, Jonathan Kellner e Juan Giraldez, fazem parte de um rol de 87 pessoas convocadas pela defesa. O advogado Cristiano Zanin Martins, que representa Lula, havia informado a Moro sobre a &#8220;imprescindibilidade&#8221; de um profissional &#8220;com expertise na tradu\u00e7\u00e3o da l\u00edngua inglesa para a l\u00edngua portuguesa e vice-versa&#8221; para acompanhar as audi\u00eancias.<\/p>\n<p>&#8220;Em que pese as referidas testemunhas residirem no Brasil, devendo possuir certo conhecimento de nosso idioma, \u00e9 prudente que seja designado tradutor para acompanhar o ato&#8221;, requereu o advogado de Lula.<br \/>\nMoro autorizou o uso de um tradutor. &#8220;Sendo prova de interesse da defesa, deve ela providenciar a vinda de tradutor para Curitiba ou para S\u00e3o Paulo para realizar a tradu\u00e7\u00e3o e arcar com os custos decorrentes.&#8221;<\/p>\n<p><strong>Palestras<\/strong><br \/>\nA Pol\u00edcia Federal encaminhou para a for\u00e7a-tarefa do Minist\u00e9rio P\u00fablico Federal o inqu\u00e9rito que apura crimes de corrup\u00e7\u00e3o passiva e de lavagem de dinheiro supostamente praticados pelo ex-presidente Lula em sua empresa de palestras, a LILS Palestras, Eventos e Publica\u00e7\u00f5es &#8211; aberta em 2011, ap\u00f3s o petista deixar o governo.<\/p>\n<p>Essa investiga\u00e7\u00e3o no \u00e2mbito da Lava Jato \u00e9 uma das que ainda poder\u00e3o virar den\u00fancia criminal, a ser apresentada ao juiz Moro, que conduz a opera\u00e7\u00e3o na primeira inst\u00e2ncia. Em nota, o Instituto Lula negou irregularidades e afirmou que &#8220;todas as palestras do ex-presidente foram feitas e pagas com as devidas emiss\u00f5es de notas e pagamento de impostos&#8221;.<\/p>\n<p>O instituto disse ainda que cobrou o mesmo valor e condi\u00e7\u00f5es para palestras em mais de 40 empresas e setores diversos, e que todas as informa\u00e7\u00f5es sobre as atividades est\u00e3o dispon\u00edveis na internet.<\/p>\n<p>Tr\u00edplex<br \/>\nO ministro Edson Fachin, do Supremo Tribunal Federal (STF), negou ontem pedido de liminar feito pela defesa de Lula da Silva para suspender a a\u00e7\u00e3o penal sobre o triplex no Guaruj\u00e1. O petista \u00e9 acusado de lavagem de dinheiro e corrup\u00e7\u00e3o pela for\u00e7a-tarefa da Lava Jato.<\/p>\n<p><strong>CARIRI EM A\u00c7\u00c3O<\/strong><\/p>\n<p>\u00c9poca Neg\u00f3cios\/Foto: Google<\/p>\n<p><strong>Leia mais not\u00edcias em\u00a0<\/strong><a href=\"http:\/\/www.caririemacao.com\/\"><strong>caririemacao.com<\/strong><\/a><strong>, siga nossa p\u00e1gina no\u00a0<\/strong><a href=\"https:\/\/www.facebook.com\/CaririEmAcao\/?ref=aymt_homepage_panel\"><strong>Facebook<\/strong><\/a><strong>\u00a0e\u00a0<a href=\"https:\/\/www.instagram.com\/cariri_em_acao\/?hl=pt-br\">Instagram<\/a>\u00a0veja nossas mat\u00e9rias e fotos. Voc\u00ea tamb\u00e9m pode enviar informa\u00e7\u00f5es \u00e0 Reda\u00e7\u00e3o do Portal Cariri em A\u00e7\u00e3o pelo WhatsApp (83) 9 9634.5791, (83) 9 9601-1162.<\/strong><\/p>\n","protected":false},"excerpt":{"rendered":"<p>A defesa do ex-presidente Luiz In\u00e1cio Lula da Silva ter\u00e1 de arcar com custos de tradu\u00e7\u00e3o para duas de suas testemunhas que ser\u00e3o ouvidas em&hellip; <\/p>\n","protected":false},"author":2,"featured_media":6863,"comment_status":"closed","ping_status":"closed","sticky":false,"template":"","format":"standard","meta":{"sfsi_plus_gutenberg_text_before_share":"","sfsi_plus_gutenberg_show_text_before_share":"","sfsi_plus_gutenberg_icon_type":"","sfsi_plus_gutenberg_icon_alignemt":"","sfsi_plus_gutenburg_max_per_row":"","footnotes":""},"categories":[11],"tags":[],"class_list":["post-21852","post","type-post","status-publish","format-standard","has-post-thumbnail","hentry","category-politica"],"_links":{"self":[{"href":"https:\/\/www.caririemacao.com\/1\/wp-json\/wp\/v2\/posts\/21852","targetHints":{"allow":["GET"]}}],"collection":[{"href":"https:\/\/www.caririemacao.com\/1\/wp-json\/wp\/v2\/posts"}],"about":[{"href":"https:\/\/www.caririemacao.com\/1\/wp-json\/wp\/v2\/types\/post"}],"author":[{"embeddable":true,"href":"https:\/\/www.caririemacao.com\/1\/wp-json\/wp\/v2\/users\/2"}],"replies":[{"embeddable":true,"href":"https:\/\/www.caririemacao.com\/1\/wp-json\/wp\/v2\/comments?post=21852"}],"version-history":[{"count":0,"href":"https:\/\/www.caririemacao.com\/1\/wp-json\/wp\/v2\/posts\/21852\/revisions"}],"wp:featuredmedia":[{"embeddable":true,"href":"https:\/\/www.caririemacao.com\/1\/wp-json\/wp\/v2\/media\/6863"}],"wp:attachment":[{"href":"https:\/\/www.caririemacao.com\/1\/wp-json\/wp\/v2\/media?parent=21852"}],"wp:term":[{"taxonomy":"category","embeddable":true,"href":"https:\/\/www.caririemacao.com\/1\/wp-json\/wp\/v2\/categories?post=21852"},{"taxonomy":"post_tag","embeddable":true,"href":"https:\/\/www.caririemacao.com\/1\/wp-json\/wp\/v2\/tags?post=21852"}],"curies":[{"name":"wp","href":"https:\/\/api.w.org\/{rel}","templated":true}]}}