{"id":218979,"date":"2021-05-22T06:29:24","date_gmt":"2021-05-22T09:29:24","guid":{"rendered":"https:\/\/www.caririemacao.com\/1\/?p=218979"},"modified":"2021-05-22T06:29:25","modified_gmt":"2021-05-22T09:29:25","slug":"secretario-de-saude-diz-que-paraiba-tem-mais-de-20-variantes-do-coronavirus-em-circulacao-mas-que-mutacao-indiana-ainda-nao-chegou-ao-estado","status":"publish","type":"post","link":"https:\/\/www.caririemacao.com\/1\/2021\/05\/22\/secretario-de-saude-diz-que-paraiba-tem-mais-de-20-variantes-do-coronavirus-em-circulacao-mas-que-mutacao-indiana-ainda-nao-chegou-ao-estado\/","title":{"rendered":"Secret\u00e1rio de Sa\u00fade diz que Para\u00edba tem mais de 20 variantes do coronav\u00edrus em circula\u00e7\u00e3o, mas que muta\u00e7\u00e3o indiana ainda n\u00e3o chegou ao estado"},"content":{"rendered":"\n<p class=\"wp-block-paragraph\">O secret\u00e1rio de Estado da Sa\u00fade, Geraldo Medeiros, informou ao ClickPB que a Para\u00edba tem mais de 20 variantes do coronav\u00edrus em circula\u00e7\u00e3o, mas que a muta\u00e7\u00e3o indiana ainda n\u00e3o chegou ao estado. Na tarde desta sexta-feira (21), o m\u00e9dico disse ao site que o Laborat\u00f3rio Central da Para\u00edba (Lacen-PB) continua com o trabalho de sequenciamento de genoma do v\u00edrus.<\/p>\n\n\n\n<p class=\"wp-block-paragraph\">&#8220;O sequenciamento gen\u00f4mico \u00e9 feito desde o in\u00edcio da pandemia na Para\u00edba. O Laborat\u00f3rio Central da Para\u00edba \u00e9 um dos poucos no Brasil que enviam amostras \u00e0 Fiocruz&#8221;, explicou o secret\u00e1rio.<\/p>\n\n\n\n<p class=\"wp-block-paragraph\">Geraldo Medeiros destacou que, na Para\u00edba, est\u00e3o identificadas duas variantes do coronav\u00edrus: a P1, de Manaus, e a P2, do Rio de Janeiro, embora haja um total que ultrapassa as 20 muta\u00e7\u00f5es presentes na Para\u00edba.<\/p>\n\n\n\n<p class=\"wp-block-paragraph\"><strong>Variantes<\/strong><\/p>\n\n\n\n<p class=\"wp-block-paragraph\">Em fevereiro, a Secretaria de Estado da Sa\u00fade (SES) havia alertado a popula\u00e7\u00e3o que uma variante mais contagiosa do coronav\u00edrus estava em circula\u00e7\u00e3o na Para\u00edba. A confirma\u00e7\u00e3o veio ap\u00f3s o sequenciamento gen\u00e9tico de amostras com alta carga viral, dentro da rotina de enfrentamento da pandemia e monitoramento da doen\u00e7a no estado. Eram tr\u00eas pacientes confirmados at\u00e9 aquele final de fevereiro.<\/p>\n\n\n\n<p class=\"wp-block-paragraph\">Variante pode ser entendida como o v\u00edrus que mudou durante o processo de replica\u00e7\u00e3o. Milhares de variantes da SARS-CoV-2 est\u00e3o circulando no mundo e muitas ainda ir\u00e3o surgir ao longo do tempo. Segundo a Organiza\u00e7\u00e3o Mundial de Sa\u00fade (OMS), para a sa\u00fade p\u00fablica, o sequenciamento gen\u00e9tico do v\u00edrus, aliado a outros estudos, possibilita sugerir se as muta\u00e7\u00f5es identificadas podem influenciar potencialmente na patogenicidade, transmissibilidade, al\u00e9m de direcionar medidas terap\u00eauticas, diagn\u00f3sticas ou ainda contribuir no entendimento da resposta vacinal.<\/p>\n\n\n\n<p class=\"wp-block-paragraph\">De acordo com o secret\u00e1rio de Sa\u00fade da Para\u00edba, Geraldo Medeiros, a SES, por meio do Laborat\u00f3rio Central de Sa\u00fade P\u00fablica (Lacen-PB), da Ger\u00eancia Executiva Vigil\u00e2ncia em Sa\u00fade, em parceria com o Laborat\u00f3rio de Vigil\u00e2ncia Molecular Aplicada (Lavimap) da Escola T\u00e9cnica de Sa\u00fade da UFPB, est\u00e1 executando o monitoramento de amostras que fazem parte hoje da Rede Nacional de Sequenciamento Gen\u00e9tico para Vigil\u00e2ncia em Sa\u00fade. Ele explicou, em feveireiro, que em dezembro a secretaria recebeu da Fiocruz-RJ os resultados dos sequenciamentos que apresentaram a circula\u00e7\u00e3o de diversas linhagens do v\u00edrus, sendo as principais linhagens a B.1.1.33 e B1.1.28. Tamb\u00e9m foi identificada a circula\u00e7\u00e3o da variante portadora da muta\u00e7\u00e3o E484K na prote\u00edna Spike em tr\u00eas amostras do estado, sendo uma delas a 2\u00aa amostra do caso confirmado de reinfec\u00e7\u00e3o. Essa nova linhagem foi classificada como B.1.1.28 (E484K) ou P2.<\/p>\n\n\n\n<p class=\"wp-block-paragraph\">A Para\u00edba \u00e9 o segundo do Nordeste com identifica\u00e7\u00e3o da linhagem P.1. At\u00e9 o dia 5 de fevereiro, o estado tinha 11 linhagens circulando em seu territ\u00f3rio, sendo o quarto com maior n\u00famero de linhagens identificadas, depois de S\u00e3o Paulo (26), Rio Grande do Sul (12) e Rio de Janeiro (16). Geraldo Medeiros refor\u00e7ou, na \u00e9poca, que \u00e9 fundamental o entendimento que o sequenciamento gen\u00e9tico n\u00e3o altera diagn\u00f3stico nem tratamento, mas sim colabora junto aos dados cl\u00ednicos no conhecimento da doen\u00e7a para sua conten\u00e7\u00e3o.<\/p>\n\n\n\n<p class=\"wp-block-paragraph\">&#8220;As medidas de preven\u00e7\u00e3o e controle permanecem as mesmas, como o distanciamento f\u00edsico, etiqueta respirat\u00f3ria e de higieniza\u00e7\u00e3o das m\u00e3os, uso de m\u00e1scaras, limpeza e desinfec\u00e7\u00e3o de ambientes e isolamento de casos suspeitos e confirmados conforme crit\u00e9rios vigentes&#8221;, explicou o secret\u00e1rio.<\/p>\n\n\n\n<p class=\"wp-block-paragraph\">ClickPB<\/p>\n","protected":false},"excerpt":{"rendered":"<p>O secret\u00e1rio de Estado da Sa\u00fade, Geraldo Medeiros, informou ao ClickPB que a Para\u00edba tem mais de 20 variantes do coronav\u00edrus em circula\u00e7\u00e3o, mas que a muta\u00e7\u00e3o indiana ainda n\u00e3o chegou ao estado. Na tarde desta sexta-feira (21), o m\u00e9dico disse ao site que o Laborat\u00f3rio Central da Para\u00edba (Lacen-PB) continua com o trabalho de sequenciamento de genoma do v\u00edrus. &#8220;O sequenciamento gen\u00f4mico \u00e9 feito desde o in\u00edcio da pandemia na Para\u00edba. O Laborat\u00f3rio Central da Para\u00edba \u00e9 um dos poucos no Brasil que enviam amostras \u00e0 Fiocruz&#8221;, explicou o secret\u00e1rio. Geraldo Medeiros destacou que, na Para\u00edba, est\u00e3o identificadas duas variantes do coronav\u00edrus: a P1, de Manaus, e a P2, do Rio de Janeiro, embora haja um total que ultrapassa as 20 muta\u00e7\u00f5es presentes na Para\u00edba. Variantes Em fevereiro, a Secretaria de Estado da Sa\u00fade (SES) havia alertado a popula\u00e7\u00e3o que uma variante mais contagiosa do coronav\u00edrus estava em circula\u00e7\u00e3o na Para\u00edba. A confirma\u00e7\u00e3o veio ap\u00f3s o sequenciamento gen\u00e9tico de amostras com alta carga viral, dentro da rotina de enfrentamento da pandemia e monitoramento da doen\u00e7a no estado. Eram tr\u00eas pacientes confirmados at\u00e9 aquele final de fevereiro. Variante pode ser entendida como o v\u00edrus que mudou durante o processo de replica\u00e7\u00e3o. Milhares de variantes da SARS-CoV-2 est\u00e3o circulando no mundo e muitas ainda ir\u00e3o surgir ao longo do tempo. Segundo a Organiza\u00e7\u00e3o Mundial de Sa\u00fade (OMS), para a sa\u00fade p\u00fablica, o sequenciamento gen\u00e9tico do v\u00edrus, aliado a outros estudos, possibilita sugerir se as muta\u00e7\u00f5es identificadas podem influenciar potencialmente na patogenicidade, transmissibilidade, al\u00e9m de direcionar medidas terap\u00eauticas, diagn\u00f3sticas ou ainda contribuir no entendimento da resposta vacinal. De acordo com o secret\u00e1rio de Sa\u00fade da Para\u00edba, Geraldo Medeiros, a SES, por meio do Laborat\u00f3rio Central de Sa\u00fade P\u00fablica (Lacen-PB), da Ger\u00eancia Executiva Vigil\u00e2ncia em Sa\u00fade, em parceria com o Laborat\u00f3rio de Vigil\u00e2ncia Molecular Aplicada (Lavimap) da Escola T\u00e9cnica de Sa\u00fade da UFPB, est\u00e1 executando o monitoramento de amostras que fazem parte hoje da Rede Nacional de Sequenciamento Gen\u00e9tico para Vigil\u00e2ncia em Sa\u00fade. Ele explicou, em feveireiro, que em dezembro a secretaria recebeu da Fiocruz-RJ os resultados dos sequenciamentos que apresentaram a circula\u00e7\u00e3o de diversas linhagens do v\u00edrus, sendo as principais linhagens a B.1.1.33 e B1.1.28. Tamb\u00e9m foi identificada a circula\u00e7\u00e3o da variante portadora da muta\u00e7\u00e3o E484K na prote\u00edna Spike em tr\u00eas amostras do estado, sendo uma delas a 2\u00aa amostra do caso confirmado de reinfec\u00e7\u00e3o. Essa nova linhagem foi classificada como B.1.1.28 (E484K) ou P2. A Para\u00edba \u00e9 o segundo do Nordeste com identifica\u00e7\u00e3o da linhagem P.1. At\u00e9 o dia 5 de fevereiro, o estado tinha 11 linhagens circulando em seu territ\u00f3rio, sendo o quarto com maior n\u00famero de linhagens identificadas, depois de S\u00e3o Paulo (26), Rio Grande do Sul (12) e Rio de Janeiro (16). Geraldo Medeiros refor\u00e7ou, na \u00e9poca, que \u00e9 fundamental o entendimento que o sequenciamento gen\u00e9tico n\u00e3o altera diagn\u00f3stico nem tratamento, mas sim colabora junto aos dados cl\u00ednicos no conhecimento da doen\u00e7a para sua conten\u00e7\u00e3o. &#8220;As medidas de preven\u00e7\u00e3o e controle permanecem as mesmas, como o distanciamento f\u00edsico, etiqueta respirat\u00f3ria e de higieniza\u00e7\u00e3o das m\u00e3os, uso de m\u00e1scaras, limpeza e desinfec\u00e7\u00e3o de ambientes e isolamento de casos suspeitos e confirmados conforme crit\u00e9rios vigentes&#8221;, explicou o secret\u00e1rio. ClickPB<\/p>\n","protected":false},"author":6,"featured_media":218980,"comment_status":"closed","ping_status":"closed","sticky":false,"template":"","format":"standard","meta":{"sfsi_plus_gutenberg_text_before_share":"","sfsi_plus_gutenberg_show_text_before_share":"","sfsi_plus_gutenberg_icon_type":"","sfsi_plus_gutenberg_icon_alignemt":"","sfsi_plus_gutenburg_max_per_row":"","footnotes":""},"categories":[124,104,16],"tags":[],"class_list":["post-218979","post","type-post","status-publish","format-standard","has-post-thumbnail","hentry","category-covid-19","category-paraiba","category-saude"],"_links":{"self":[{"href":"https:\/\/www.caririemacao.com\/1\/wp-json\/wp\/v2\/posts\/218979","targetHints":{"allow":["GET"]}}],"collection":[{"href":"https:\/\/www.caririemacao.com\/1\/wp-json\/wp\/v2\/posts"}],"about":[{"href":"https:\/\/www.caririemacao.com\/1\/wp-json\/wp\/v2\/types\/post"}],"author":[{"embeddable":true,"href":"https:\/\/www.caririemacao.com\/1\/wp-json\/wp\/v2\/users\/6"}],"replies":[{"embeddable":true,"href":"https:\/\/www.caririemacao.com\/1\/wp-json\/wp\/v2\/comments?post=218979"}],"version-history":[{"count":1,"href":"https:\/\/www.caririemacao.com\/1\/wp-json\/wp\/v2\/posts\/218979\/revisions"}],"predecessor-version":[{"id":218981,"href":"https:\/\/www.caririemacao.com\/1\/wp-json\/wp\/v2\/posts\/218979\/revisions\/218981"}],"wp:featuredmedia":[{"embeddable":true,"href":"https:\/\/www.caririemacao.com\/1\/wp-json\/wp\/v2\/media\/218980"}],"wp:attachment":[{"href":"https:\/\/www.caririemacao.com\/1\/wp-json\/wp\/v2\/media?parent=218979"}],"wp:term":[{"taxonomy":"category","embeddable":true,"href":"https:\/\/www.caririemacao.com\/1\/wp-json\/wp\/v2\/categories?post=218979"},{"taxonomy":"post_tag","embeddable":true,"href":"https:\/\/www.caririemacao.com\/1\/wp-json\/wp\/v2\/tags?post=218979"}],"curies":[{"name":"wp","href":"https:\/\/api.w.org\/{rel}","templated":true}]}}