{"id":219030,"date":"2021-05-23T13:54:16","date_gmt":"2021-05-23T16:54:16","guid":{"rendered":"https:\/\/www.caririemacao.com\/1\/?p=219030"},"modified":"2021-05-23T13:54:18","modified_gmt":"2021-05-23T16:54:18","slug":"caixa-deposita-2a-parcela-do-auxilio-emergencial-a-nascidos-em-julho","status":"publish","type":"post","link":"https:\/\/www.caririemacao.com\/1\/2021\/05\/23\/caixa-deposita-2a-parcela-do-auxilio-emergencial-a-nascidos-em-julho\/","title":{"rendered":"Caixa deposita 2\u00aa parcela do aux\u00edlio emergencial a nascidos em julho"},"content":{"rendered":"\n<p>A Caixa Econ\u00f4mica Federal realizou hoje (23) o dep\u00f3sito da segunda parcela do aux\u00edlio emergencial para mais um grupo de trabalhadores. O benef\u00edcio foi creditado para os nascidos em julho e que n\u00e3o fazem parte do Bolsa Fam\u00edlia. O pagamento foi antecipado e os valores est\u00e3o dispon\u00edveis na conta digital. Antes, eles s\u00f3 receberiam no dia dia 2 junho<img decoding=\"async\" data-src=\"https:\/\/agenciabrasil.ebc.com.br\/ebc.png?id=1410467&amp;o=node\" src=\"data:image\/svg+xml;base64,PHN2ZyB3aWR0aD0iMSIgaGVpZ2h0PSIxIiB4bWxucz0iaHR0cDovL3d3dy53My5vcmcvMjAwMC9zdmciPjwvc3ZnPg==\" class=\"lazyload\"><img decoding=\"async\" data-src=\"https:\/\/agenciabrasil.ebc.com.br\/ebc.gif?id=1410467&amp;o=node\" src=\"data:image\/svg+xml;base64,PHN2ZyB3aWR0aD0iMSIgaGVpZ2h0PSIxIiB4bWxucz0iaHR0cDovL3d3dy53My5vcmcvMjAwMC9zdmciPjwvc3ZnPg==\" class=\"lazyload\"><\/p>\n\n\n\n<p>De acordo com a Caixa, a partir deste domingo, os valores j\u00e1 podem ser movimentados pelo aplicativo Caixa Tem para o pagamento de boletos, compras na internet e pelas \u201cmaquininhas\u201d.<\/p>\n\n\n\n<p>Os benefici\u00e1rios tamb\u00e9m conseguem movimentar os recursos usando o Caixa Tem na rede lot\u00e9rica de todo o Brasil. Saques e transfer\u00eancias para quem receber o cr\u00e9dito neste domingo ser\u00e3o liberados no dia 10 de junho.<\/p>\n\n\n\n<p>\u201cO calend\u00e1rio da segunda parcela foi antecipado para todos os benefici\u00e1rios. Marcado inicialmente para encerrar em 8 de julho, com a possibilidade de saques para os nascidos em dezembro, o segundo ciclo agora finaliza no dia 17 de junho\u201d, informou a Caixa.<\/p>\n\n\n\n<p>Os trabalhadores podem consultar a situa\u00e7\u00e3o do benef\u00edcio pelo aplicativo do aux\u00edlio emergencial e tamb\u00e9m&nbsp;<a href=\"https:\/\/consultaauxilio.cidadania.gov.br\/\" target=\"_blank\" rel=\"noreferrer noopener\">pela internet<\/a>.<\/p>\n","protected":false},"excerpt":{"rendered":"<p>A Caixa Econ\u00f4mica Federal realizou hoje (23) o dep\u00f3sito da segunda parcela do aux\u00edlio emergencial para mais um grupo de trabalhadores. O benef\u00edcio foi creditado&hellip; <\/p>\n","protected":false},"author":6,"featured_media":219031,"comment_status":"closed","ping_status":"closed","sticky":false,"template":"","format":"standard","meta":{"sfsi_plus_gutenberg_text_before_share":"","sfsi_plus_gutenberg_show_text_before_share":"","sfsi_plus_gutenberg_icon_type":"","sfsi_plus_gutenberg_icon_alignemt":"","sfsi_plus_gutenburg_max_per_row":"","footnotes":""},"categories":[123],"tags":[],"class_list":["post-219030","post","type-post","status-publish","format-standard","has-post-thumbnail","hentry","category-brasil"],"_links":{"self":[{"href":"https:\/\/www.caririemacao.com\/1\/wp-json\/wp\/v2\/posts\/219030","targetHints":{"allow":["GET"]}}],"collection":[{"href":"https:\/\/www.caririemacao.com\/1\/wp-json\/wp\/v2\/posts"}],"about":[{"href":"https:\/\/www.caririemacao.com\/1\/wp-json\/wp\/v2\/types\/post"}],"author":[{"embeddable":true,"href":"https:\/\/www.caririemacao.com\/1\/wp-json\/wp\/v2\/users\/6"}],"replies":[{"embeddable":true,"href":"https:\/\/www.caririemacao.com\/1\/wp-json\/wp\/v2\/comments?post=219030"}],"version-history":[{"count":1,"href":"https:\/\/www.caririemacao.com\/1\/wp-json\/wp\/v2\/posts\/219030\/revisions"}],"predecessor-version":[{"id":219032,"href":"https:\/\/www.caririemacao.com\/1\/wp-json\/wp\/v2\/posts\/219030\/revisions\/219032"}],"wp:featuredmedia":[{"embeddable":true,"href":"https:\/\/www.caririemacao.com\/1\/wp-json\/wp\/v2\/media\/219031"}],"wp:attachment":[{"href":"https:\/\/www.caririemacao.com\/1\/wp-json\/wp\/v2\/media?parent=219030"}],"wp:term":[{"taxonomy":"category","embeddable":true,"href":"https:\/\/www.caririemacao.com\/1\/wp-json\/wp\/v2\/categories?post=219030"},{"taxonomy":"post_tag","embeddable":true,"href":"https:\/\/www.caririemacao.com\/1\/wp-json\/wp\/v2\/tags?post=219030"}],"curies":[{"name":"wp","href":"https:\/\/api.w.org\/{rel}","templated":true}]}}