{"id":219033,"date":"2021-05-23T13:54:59","date_gmt":"2021-05-23T16:54:59","guid":{"rendered":"https:\/\/www.caririemacao.com\/1\/?p=219033"},"modified":"2021-05-23T13:55:01","modified_gmt":"2021-05-23T16:55:01","slug":"dupla-armada-assalta-comerciante-em-cidade-do-cariri","status":"publish","type":"post","link":"https:\/\/www.caririemacao.com\/1\/2021\/05\/23\/dupla-armada-assalta-comerciante-em-cidade-do-cariri\/","title":{"rendered":"Dupla armada assalta comerciante em cidade do Cariri"},"content":{"rendered":"\n<p>Um comerciante do ramo de bebidas foi assaltado na noite deste s\u00e1bado (23), no Distrito de Santa Luzia do Cariri, munic\u00edpio de Serra Branca.<\/p>\n\n\n\n<p>De acordo com informa\u00e7\u00f5es, dois homens armados chegaram em uma moto e anunciaram o assalto. Os assaltantes chegaram a entrar em luta corporal com a v\u00edtima, e ap\u00f3s fugiram em dire\u00e7\u00e3o a cidade de Sum\u00e9, com o dinheiro roubado na a\u00e7\u00e3o.<\/p>\n\n\n\n<p>A Pol\u00edcia foi acionada e realizou dilig\u00eancias, mas sem \u00eaxito at\u00e9 o momento.<\/p>\n","protected":false},"excerpt":{"rendered":"<p>Um comerciante do ramo de bebidas foi assaltado na noite deste s\u00e1bado (23), no Distrito de Santa Luzia do Cariri, munic\u00edpio de Serra Branca. De&hellip; <\/p>\n","protected":false},"author":6,"featured_media":219034,"comment_status":"closed","ping_status":"closed","sticky":false,"template":"","format":"standard","meta":{"sfsi_plus_gutenberg_text_before_share":"","sfsi_plus_gutenberg_show_text_before_share":"","sfsi_plus_gutenberg_icon_type":"","sfsi_plus_gutenberg_icon_alignemt":"","sfsi_plus_gutenburg_max_per_row":"","footnotes":""},"categories":[106],"tags":[],"class_list":["post-219033","post","type-post","status-publish","format-standard","has-post-thumbnail","hentry","category-cariri"],"_links":{"self":[{"href":"https:\/\/www.caririemacao.com\/1\/wp-json\/wp\/v2\/posts\/219033","targetHints":{"allow":["GET"]}}],"collection":[{"href":"https:\/\/www.caririemacao.com\/1\/wp-json\/wp\/v2\/posts"}],"about":[{"href":"https:\/\/www.caririemacao.com\/1\/wp-json\/wp\/v2\/types\/post"}],"author":[{"embeddable":true,"href":"https:\/\/www.caririemacao.com\/1\/wp-json\/wp\/v2\/users\/6"}],"replies":[{"embeddable":true,"href":"https:\/\/www.caririemacao.com\/1\/wp-json\/wp\/v2\/comments?post=219033"}],"version-history":[{"count":1,"href":"https:\/\/www.caririemacao.com\/1\/wp-json\/wp\/v2\/posts\/219033\/revisions"}],"predecessor-version":[{"id":219035,"href":"https:\/\/www.caririemacao.com\/1\/wp-json\/wp\/v2\/posts\/219033\/revisions\/219035"}],"wp:featuredmedia":[{"embeddable":true,"href":"https:\/\/www.caririemacao.com\/1\/wp-json\/wp\/v2\/media\/219034"}],"wp:attachment":[{"href":"https:\/\/www.caririemacao.com\/1\/wp-json\/wp\/v2\/media?parent=219033"}],"wp:term":[{"taxonomy":"category","embeddable":true,"href":"https:\/\/www.caririemacao.com\/1\/wp-json\/wp\/v2\/categories?post=219033"},{"taxonomy":"post_tag","embeddable":true,"href":"https:\/\/www.caririemacao.com\/1\/wp-json\/wp\/v2\/tags?post=219033"}],"curies":[{"name":"wp","href":"https:\/\/api.w.org\/{rel}","templated":true}]}}