{"id":219039,"date":"2021-05-23T13:58:46","date_gmt":"2021-05-23T16:58:46","guid":{"rendered":"https:\/\/www.caririemacao.com\/1\/?p=219039"},"modified":"2021-05-23T13:58:48","modified_gmt":"2021-05-23T16:58:48","slug":"efraim-filho-trabalha-para-consolidar-apoios-de-prefeitos-e-articula-evento-de-lancamento-de-pre-candidatura-ao-senado","status":"publish","type":"post","link":"https:\/\/www.caririemacao.com\/1\/2021\/05\/23\/efraim-filho-trabalha-para-consolidar-apoios-de-prefeitos-e-articula-evento-de-lancamento-de-pre-candidatura-ao-senado\/","title":{"rendered":"Efraim Filho trabalha para consolidar apoios de prefeitos e articula evento de lan\u00e7amento de pr\u00e9-candidatura ao Senado"},"content":{"rendered":"\n<p>A pr\u00e9-candidatura do deputado Efraim Filho para a vaga paraibana do Senado Federal que estar\u00e1 em disputa durante as elei\u00e7\u00f5es de 2022 vem ganhando cada vez mais for\u00e7a no meio pol\u00edtico.<\/p>\n\n\n\n<p>Efraim vem conseguindo reunir grandes apoios dentro do cen\u00e1rio pol\u00edtico estadual como o senador Veneziano Vital do R\u00eago, outros deputados federais e estaduais e mais de 90 prefeitos paraibanos.&nbsp; A expectativa \u00e9 de que assim que os n\u00fameros da pandemia do novo coronav\u00edrus baixarem na Para\u00edba o parlamentar oficialize sua pr\u00e9-candidatura atrav\u00e9s de um evento. O evento contar\u00e1 com a presen\u00e7a de lideran\u00e7as locais e nacionais do DEM.<\/p>\n","protected":false},"excerpt":{"rendered":"<p>A pr\u00e9-candidatura do deputado Efraim Filho para a vaga paraibana do Senado Federal que estar\u00e1 em disputa durante as elei\u00e7\u00f5es de 2022 vem ganhando cada&hellip; <\/p>\n","protected":false},"author":6,"featured_media":219040,"comment_status":"closed","ping_status":"closed","sticky":false,"template":"","format":"standard","meta":{"sfsi_plus_gutenberg_text_before_share":"","sfsi_plus_gutenberg_show_text_before_share":"","sfsi_plus_gutenberg_icon_type":"","sfsi_plus_gutenberg_icon_alignemt":"","sfsi_plus_gutenburg_max_per_row":"","footnotes":""},"categories":[104,11],"tags":[],"class_list":["post-219039","post","type-post","status-publish","format-standard","has-post-thumbnail","hentry","category-paraiba","category-politica"],"_links":{"self":[{"href":"https:\/\/www.caririemacao.com\/1\/wp-json\/wp\/v2\/posts\/219039","targetHints":{"allow":["GET"]}}],"collection":[{"href":"https:\/\/www.caririemacao.com\/1\/wp-json\/wp\/v2\/posts"}],"about":[{"href":"https:\/\/www.caririemacao.com\/1\/wp-json\/wp\/v2\/types\/post"}],"author":[{"embeddable":true,"href":"https:\/\/www.caririemacao.com\/1\/wp-json\/wp\/v2\/users\/6"}],"replies":[{"embeddable":true,"href":"https:\/\/www.caririemacao.com\/1\/wp-json\/wp\/v2\/comments?post=219039"}],"version-history":[{"count":1,"href":"https:\/\/www.caririemacao.com\/1\/wp-json\/wp\/v2\/posts\/219039\/revisions"}],"predecessor-version":[{"id":219041,"href":"https:\/\/www.caririemacao.com\/1\/wp-json\/wp\/v2\/posts\/219039\/revisions\/219041"}],"wp:featuredmedia":[{"embeddable":true,"href":"https:\/\/www.caririemacao.com\/1\/wp-json\/wp\/v2\/media\/219040"}],"wp:attachment":[{"href":"https:\/\/www.caririemacao.com\/1\/wp-json\/wp\/v2\/media?parent=219039"}],"wp:term":[{"taxonomy":"category","embeddable":true,"href":"https:\/\/www.caririemacao.com\/1\/wp-json\/wp\/v2\/categories?post=219039"},{"taxonomy":"post_tag","embeddable":true,"href":"https:\/\/www.caririemacao.com\/1\/wp-json\/wp\/v2\/tags?post=219039"}],"curies":[{"name":"wp","href":"https:\/\/api.w.org\/{rel}","templated":true}]}}