{"id":219042,"date":"2021-05-23T14:00:10","date_gmt":"2021-05-23T17:00:10","guid":{"rendered":"https:\/\/www.caririemacao.com\/1\/?p=219042"},"modified":"2021-05-23T14:00:12","modified_gmt":"2021-05-23T17:00:12","slug":"vacinas-da-pfizer-e-astrazeneca-sao-efetivas-contra-variante-indiana-da-covid","status":"publish","type":"post","link":"https:\/\/www.caririemacao.com\/1\/2021\/05\/23\/vacinas-da-pfizer-e-astrazeneca-sao-efetivas-contra-variante-indiana-da-covid\/","title":{"rendered":"Vacinas da Pfizer e Astrazeneca s\u00e3o efetivas contra variante indiana da Covid"},"content":{"rendered":"\n<p>As vacinas da Pfizer\/BioNTech e de AstraZeneca\/Oxford s\u00e3o \u201caltamente efetivas\u201d contra uma das&nbsp;variantes indianas do coronav\u00edrus, diz um estudo da ag\u00eancia de sa\u00fade p\u00fablica da&nbsp;Inglaterra&nbsp;divulgado na noite de s\u00e1bado (22). O artigo ainda n\u00e3o passou por revis\u00e3o de outros cientistas e nem foi publicado em revista cient\u00edfica.<\/p>\n\n\n\n<p>A pesquisa, feita entre 5 de abril e 16 de maio, mediu&nbsp;o quanto cada vacina conseguiu reduzir casos sintom\u00e1ticos de Covid-19&nbsp;causados pela variante brit\u00e2nica (B.1.1.7) e por uma das variantes indianas (B.1.617.2, uma sub-linhagem da&nbsp;B.1.617).<\/p>\n\n\n\n<p>Os n\u00fameros constatados s\u00e3o os de&nbsp;efetividade, ou seja:&nbsp;o impacto real da vacina na popula\u00e7\u00e3o.&nbsp;A efetividade mede&nbsp;o quanto a vacina consegue reduzir os casos de uma doen\u00e7a na vida real.<\/p>\n\n\n\n<h3 class=\"wp-block-heading\">Veja as principais conclus\u00f5es:<\/h3>\n\n\n\n<ul class=\"wp-block-list\"><li>A vacina da&nbsp;<strong>Pfizer\/BioNTech<\/strong>&nbsp;teve uma efetividade de 88% contra casos sintom\u00e1ticos de Covid-19 causados pela variante indiana (B.1.617.2) duas semanas ap\u00f3s a segunda dose. Em rela\u00e7\u00e3o \u00e0 variante brit\u00e2nica (B.1.1.7), a efetividade foi um pouco maior: 93%.<\/li><li>A vacina de&nbsp;<strong>Oxford\/AstraZeneca<\/strong>&nbsp;teve 60% de efetividade contra casos sintom\u00e1ticos de Covid-19 causados pela variante indiana (B.1.617.2) ap\u00f3s a segunda dose. Em rela\u00e7\u00e3o \u00e0 variante brit\u00e2nica (B.1.1.7), a efetividade tamb\u00e9m foi um pouco maior: 66%.<\/li><li>Ambas as vacinas tiveram 33% de efetividade&nbsp;contra casos sintom\u00e1ticos de Covid-19 causados pela variante indiana (B.1.617.2)&nbsp;ap\u00f3s a primeira dose. Em rela\u00e7\u00e3o \u00e0 variante brit\u00e2nica (B.1.1.7), a efetividade de ambas era de 50%.<\/li><li>A diferen\u00e7a na efetividade entre as vacinas ap\u00f3s as duas doses pode ser explicada pelo fato de que o in\u00edcio da aplica\u00e7\u00e3o da segunda dose da vacina de Oxford\/AstraZeneca s\u00f3 ocorreu depois do da Pfizer\/BioNTech, disseram os pesquisadores.<\/li><li>Eles tamb\u00e9m pontuaram que outros dados sobre perfis de anticorpos mostram que leva mais tempo para atingir a efetividade m\u00e1xima com a vacina de Oxford\/AstraZeneca.<\/li><li>Um outro ponto \u00e9 que, assim como com outras variantes,&nbsp;n\u00edveis ainda mais altos de efetividade s\u00e3o esperados contra a hospitaliza\u00e7\u00e3o e morte por Covid. Hoje, os casos e per\u00edodos de acompanhamento n\u00e3o s\u00e3o suficientes para estimar a efetividade das vacinas contra casos graves pela variante B.1.617.2. A ag\u00eancia vai continuar avaliando isso nas pr\u00f3ximas semanas.<\/li><\/ul>\n\n\n\n<p>\u201cEsperamos que as vacinas sejam ainda mais efetivas na preven\u00e7\u00e3o de hospitaliza\u00e7\u00e3o e morte, por isso&nbsp;\u00e9 vital receber ambas as doses para obter prote\u00e7\u00e3o m\u00e1xima&nbsp;contra todas as variantes existentes e emergentes\u201d, destacou a chefe de imuniza\u00e7\u00e3o da ag\u00eancia de sa\u00fade p\u00fablica da Inglaterra, Mary Ramsay, e autora s\u00eanior do estudo.<\/p>\n\n\n\n<p>O secret\u00e1rio de Sa\u00fade do pa\u00eds, Matt Hancock, refor\u00e7ou: \u201c\u00e9 claro o qu\u00e3o importante \u00e9 a segunda dose para garantir a prote\u00e7\u00e3o mais forte poss\u00edvel contra a Covid-19 e suas variantes \u2013 pe\u00e7o a todos que agendem sua vacina\u00e7\u00e3o quando for oferecida\u201d.<\/p>\n\n\n\n<p>\u201cAgora podemos ter certeza de que mais de 20 milh\u00f5es de pessoas t\u00eam prote\u00e7\u00e3o significativa contra essa nova variante, e esse n\u00famero est\u00e1 crescendo \u00e0 medida que mais e mais pessoas recebem a segunda dose vital. Quero agradecer aos cientistas e m\u00e9dicos que trabalharam sem parar para produzir esta pesquisa\u201d, declarou Hancock.<\/p>\n\n\n\n<p>Uma an\u00e1lise separada da ag\u00eancia indicou que&nbsp;o programa de vacina\u00e7\u00e3o contra a Covid-19 no pa\u00eds evitou, at\u00e9 o dia 9 de maio, 13 mil mortes e cerca de 39,1 mil hospitaliza\u00e7\u00f5es de idosos&nbsp;na Inglaterra.<\/p>\n\n\n\n<h3 class=\"wp-block-heading\">Vacina\u00e7\u00e3o no Brasil<\/h3>\n\n\n\n<p>No Brasil, um levantamento feito pelo&nbsp;<strong>G1&nbsp;<\/strong>com dados do DataSUS mostrou que, 4 meses ap\u00f3s o in\u00edcio da vacina\u00e7\u00e3o,&nbsp;apenas 39% dos idosos tomaram ambas as doses de uma vacina no pa\u00eds.<\/p>\n\n\n\n<p>Apenas 9,72% da popula\u00e7\u00e3o brasileira j\u00e1 recebeu as duas doses&nbsp;de alguma das 3 vacinas contra a Covid aplicadas no pa\u00eds: CoronaVac, Pfizer ou Oxford\/AstraZeneca.&nbsp;Na Europa, em compara\u00e7\u00e3o, esse percentual \u00e9 de 16,5%. Nos Estados Unidos, \u00e9 de 38,9%.<\/p>\n\n\n\n<h3 class=\"wp-block-heading\">Metodologia<\/h3>\n\n\n\n<p>Para determinar quem estava infectado com qual variante, os pesquisadores usaram dados de todos os casos de Covid-19 na Inglaterra em que havia um sequenciamento gen\u00e9tico do coronav\u00edrus.<\/p>\n\n\n\n<p>A partir desses dados, estimaram a propor\u00e7\u00e3o de casos no pa\u00eds que eram causados pela B.1.617.2 em compara\u00e7\u00e3o com a linhagem predominante (B.1.1.7) por status de vacina\u00e7\u00e3o (com uma, duas ou nenhuma dose).<\/p>\n\n\n\n<p>Ao todo, um total de 12.675 casos sequenciados foram inclu\u00eddos na an\u00e1lise, dos quais 11.621 tiveram a linhagem B.1.1.7 detectada; os outros 1.054 tiveram a linhagem B.1.617.2 detectada.<\/p>\n\n\n\n<p><em>Do G1.<\/em><\/p>\n","protected":false},"excerpt":{"rendered":"<p>As vacinas da Pfizer\/BioNTech e de AstraZeneca\/Oxford s\u00e3o \u201caltamente efetivas\u201d contra uma das&nbsp;variantes indianas do coronav\u00edrus, diz um estudo da ag\u00eancia de sa\u00fade p\u00fablica da&nbsp;Inglaterra&nbsp;divulgado&hellip; <\/p>\n","protected":false},"author":6,"featured_media":219043,"comment_status":"closed","ping_status":"closed","sticky":false,"template":"","format":"standard","meta":{"sfsi_plus_gutenberg_text_before_share":"","sfsi_plus_gutenberg_show_text_before_share":"","sfsi_plus_gutenberg_icon_type":"","sfsi_plus_gutenberg_icon_alignemt":"","sfsi_plus_gutenburg_max_per_row":"","footnotes":""},"categories":[123],"tags":[],"class_list":["post-219042","post","type-post","status-publish","format-standard","has-post-thumbnail","hentry","category-brasil"],"_links":{"self":[{"href":"https:\/\/www.caririemacao.com\/1\/wp-json\/wp\/v2\/posts\/219042","targetHints":{"allow":["GET"]}}],"collection":[{"href":"https:\/\/www.caririemacao.com\/1\/wp-json\/wp\/v2\/posts"}],"about":[{"href":"https:\/\/www.caririemacao.com\/1\/wp-json\/wp\/v2\/types\/post"}],"author":[{"embeddable":true,"href":"https:\/\/www.caririemacao.com\/1\/wp-json\/wp\/v2\/users\/6"}],"replies":[{"embeddable":true,"href":"https:\/\/www.caririemacao.com\/1\/wp-json\/wp\/v2\/comments?post=219042"}],"version-history":[{"count":1,"href":"https:\/\/www.caririemacao.com\/1\/wp-json\/wp\/v2\/posts\/219042\/revisions"}],"predecessor-version":[{"id":219044,"href":"https:\/\/www.caririemacao.com\/1\/wp-json\/wp\/v2\/posts\/219042\/revisions\/219044"}],"wp:featuredmedia":[{"embeddable":true,"href":"https:\/\/www.caririemacao.com\/1\/wp-json\/wp\/v2\/media\/219043"}],"wp:attachment":[{"href":"https:\/\/www.caririemacao.com\/1\/wp-json\/wp\/v2\/media?parent=219042"}],"wp:term":[{"taxonomy":"category","embeddable":true,"href":"https:\/\/www.caririemacao.com\/1\/wp-json\/wp\/v2\/categories?post=219042"},{"taxonomy":"post_tag","embeddable":true,"href":"https:\/\/www.caririemacao.com\/1\/wp-json\/wp\/v2\/tags?post=219042"}],"curies":[{"name":"wp","href":"https:\/\/api.w.org\/{rel}","templated":true}]}}