{"id":220582,"date":"2021-06-06T12:23:52","date_gmt":"2021-06-06T15:23:52","guid":{"rendered":"https:\/\/www.caririemacao.com\/1\/?p=220582"},"modified":"2021-06-06T12:23:54","modified_gmt":"2021-06-06T15:23:54","slug":"campina-grande-libera-retorno-de-aulas-do-ensino-fundamental-i-e-ii-de-forma-hibrida","status":"publish","type":"post","link":"https:\/\/www.caririemacao.com\/1\/2021\/06\/06\/campina-grande-libera-retorno-de-aulas-do-ensino-fundamental-i-e-ii-de-forma-hibrida\/","title":{"rendered":"Campina Grande libera retorno de aulas do ensino fundamental I e II de forma h\u00edbrida"},"content":{"rendered":"\n<p class=\"wp-block-paragraph\">A Prefeitura de Campina Grande revogou, no in\u00edcio da noite deste s\u00e1bado (5), o Decreto 4.586 e liberou o retorno, de forma h\u00edbrida, das atividades do ensino fundamental I e II, na rede privada de ensino. O decreto anterior suspendia totalmente as aulas presenciais, at\u00e9 o dia 30 de junho.<\/p>\n\n\n\n<p class=\"wp-block-paragraph\">O novo decreto, emitido pela Procuradoria Geral do Munic\u00edpio e assinado pelo prefeito Bruno Cunha Lima, foi publicado em separata, no Seman\u00e1rio Municipal. Neste decreto, fica mantida a decis\u00e3o de suspender as aulas presenciais na rede p\u00fablica municipal, que continuar\u00e3o de forma exclusivamente remota.<\/p>\n\n\n\n<p class=\"wp-block-paragraph\">Tamb\u00e9m permanece assegurada a realiza\u00e7\u00e3o de atividades, de maneira h\u00edbrida, para as s\u00e9ries iniciais do ensino infantil em institui\u00e7\u00f5es particulares, mas garantindo o cumprimento de todas as medidas de seguran\u00e7a determinadas pelas autoridades de sa\u00fade. As aulas para os ensinos m\u00e9dio e superior permanecer\u00e3o, exclusivamente, em sistema remoto.<\/p>\n\n\n\n<p class=\"wp-block-paragraph\"><strong>Fiscaliza\u00e7\u00e3o e testagem<\/strong><\/p>\n\n\n\n<p class=\"wp-block-paragraph\">O prefeito Bruno Cunha Lima determinou que a Secretaria Municipal de Sa\u00fade passe a realizar testagens e inqu\u00e9ritos epidemiol\u00f3gicos, em ciclos quinzenais, espec\u00edficos para o setor da educa\u00e7\u00e3o. A medida visa a conferir transpar\u00eancia aos resultados para o devido acompanhamento de eventual impacto, nos dados da pandemia do novo coronav\u00edrus, decorrente do retorno presencial ou h\u00edbrido da atividade educacional.<\/p>\n\n\n\n<p class=\"wp-block-paragraph\">Al\u00e9m disso, foi refor\u00e7ado que equipes da Gevisa, Procon Municipal, Guarda Civil Municipal e da Defesa Civil ficar\u00e3o respons\u00e1veis pela fiscaliza\u00e7\u00e3o do cumprimento das normas estabelecidas no decreto. O descumprimento sujeitar\u00e1 o estabelecimento de ensino \u00e0 aplica\u00e7\u00e3o de multa e poder\u00e1 implicar at\u00e9 no fechamento, em caso de reincid\u00eancia.<\/p>\n","protected":false},"excerpt":{"rendered":"<p>A Prefeitura de Campina Grande revogou, no in\u00edcio da noite deste s\u00e1bado (5), o Decreto 4.586 e liberou o retorno, de forma h\u00edbrida, das atividades do ensino fundamental I e II, na rede privada de ensino. O decreto anterior suspendia totalmente as aulas presenciais, at\u00e9 o dia 30 de junho. O novo decreto, emitido pela Procuradoria Geral do Munic\u00edpio e assinado pelo prefeito Bruno Cunha Lima, foi publicado em separata, no Seman\u00e1rio Municipal. Neste decreto, fica mantida a decis\u00e3o de suspender as aulas presenciais na rede p\u00fablica municipal, que continuar\u00e3o de forma exclusivamente remota. Tamb\u00e9m permanece assegurada a realiza\u00e7\u00e3o de atividades, de maneira h\u00edbrida, para as s\u00e9ries iniciais do ensino infantil em institui\u00e7\u00f5es particulares, mas garantindo o cumprimento de todas as medidas de seguran\u00e7a determinadas pelas autoridades de sa\u00fade. As aulas para os ensinos m\u00e9dio e superior permanecer\u00e3o, exclusivamente, em sistema remoto. Fiscaliza\u00e7\u00e3o e testagem O prefeito Bruno Cunha Lima determinou que a Secretaria Municipal de Sa\u00fade passe a realizar testagens e inqu\u00e9ritos epidemiol\u00f3gicos, em ciclos quinzenais, espec\u00edficos para o setor da educa\u00e7\u00e3o. A medida visa a conferir transpar\u00eancia aos resultados para o devido acompanhamento de eventual impacto, nos dados da pandemia do novo coronav\u00edrus, decorrente do retorno presencial ou h\u00edbrido da atividade educacional. Al\u00e9m disso, foi refor\u00e7ado que equipes da Gevisa, Procon Municipal, Guarda Civil Municipal e da Defesa Civil ficar\u00e3o respons\u00e1veis pela fiscaliza\u00e7\u00e3o do cumprimento das normas estabelecidas no decreto. O descumprimento sujeitar\u00e1 o estabelecimento de ensino \u00e0 aplica\u00e7\u00e3o de multa e poder\u00e1 implicar at\u00e9 no fechamento, em caso de reincid\u00eancia.<\/p>\n","protected":false},"author":6,"featured_media":220584,"comment_status":"closed","ping_status":"closed","sticky":false,"template":"","format":"standard","meta":{"sfsi_plus_gutenberg_text_before_share":"","sfsi_plus_gutenberg_show_text_before_share":"","sfsi_plus_gutenberg_icon_type":"","sfsi_plus_gutenberg_icon_alignemt":"","sfsi_plus_gutenburg_max_per_row":"","footnotes":""},"categories":[50,14],"tags":[],"class_list":["post-220582","post","type-post","status-publish","format-standard","has-post-thumbnail","hentry","category-destaque","category-educacao"],"_links":{"self":[{"href":"https:\/\/www.caririemacao.com\/1\/wp-json\/wp\/v2\/posts\/220582","targetHints":{"allow":["GET"]}}],"collection":[{"href":"https:\/\/www.caririemacao.com\/1\/wp-json\/wp\/v2\/posts"}],"about":[{"href":"https:\/\/www.caririemacao.com\/1\/wp-json\/wp\/v2\/types\/post"}],"author":[{"embeddable":true,"href":"https:\/\/www.caririemacao.com\/1\/wp-json\/wp\/v2\/users\/6"}],"replies":[{"embeddable":true,"href":"https:\/\/www.caririemacao.com\/1\/wp-json\/wp\/v2\/comments?post=220582"}],"version-history":[{"count":1,"href":"https:\/\/www.caririemacao.com\/1\/wp-json\/wp\/v2\/posts\/220582\/revisions"}],"predecessor-version":[{"id":220585,"href":"https:\/\/www.caririemacao.com\/1\/wp-json\/wp\/v2\/posts\/220582\/revisions\/220585"}],"wp:featuredmedia":[{"embeddable":true,"href":"https:\/\/www.caririemacao.com\/1\/wp-json\/wp\/v2\/media\/220584"}],"wp:attachment":[{"href":"https:\/\/www.caririemacao.com\/1\/wp-json\/wp\/v2\/media?parent=220582"}],"wp:term":[{"taxonomy":"category","embeddable":true,"href":"https:\/\/www.caririemacao.com\/1\/wp-json\/wp\/v2\/categories?post=220582"},{"taxonomy":"post_tag","embeddable":true,"href":"https:\/\/www.caririemacao.com\/1\/wp-json\/wp\/v2\/tags?post=220582"}],"curies":[{"name":"wp","href":"https:\/\/api.w.org\/{rel}","templated":true}]}}