{"id":221353,"date":"2021-06-12T12:58:16","date_gmt":"2021-06-12T15:58:16","guid":{"rendered":"https:\/\/www.caririemacao.com\/1\/?p=221353"},"modified":"2021-06-12T12:58:18","modified_gmt":"2021-06-12T15:58:18","slug":"sao-jose-dos-cordeiros-implanta-circuito-com-cameras-de-seguranca-nos-principais-pontos-da-cidade","status":"publish","type":"post","link":"https:\/\/www.caririemacao.com\/1\/2021\/06\/12\/sao-jose-dos-cordeiros-implanta-circuito-com-cameras-de-seguranca-nos-principais-pontos-da-cidade\/","title":{"rendered":"S\u00e3o Jos\u00e9 dos Cordeiros implanta circuito com c\u00e2meras de seguran\u00e7a nos principais pontos da cidade"},"content":{"rendered":"\n<p class=\"wp-block-paragraph\">Cumprindo mais um compromisso de campanha, o prefeito Fel\u00edcio Queiroz realizou a instala\u00e7\u00e3o de circuito de monitoramento de c\u00e2meras de seguran\u00e7a nas principais avenidas e pontos estrat\u00e9gicos no munic\u00edpio de S\u00e3o Jos\u00e9 dos Cordeiros.<\/p>\n\n\n\n<p class=\"wp-block-paragraph\">Em a\u00e7\u00e3o realizada totalmente com recursos pr\u00f3prios, a gest\u00e3o municipal realizou inicialmente a instala\u00e7\u00e3o de 9 c\u00e2meras, espalhadas pelas entradas e sa\u00eddas do munic\u00edpio, visando garantir mais seguran\u00e7a \u00e0 toda popula\u00e7\u00e3o cordeirense.<\/p>\n\n\n\n<div class=\"wp-block-image\"><figure class=\"aligncenter\"><img decoding=\"async\" src=\"http:\/\/deolhonocariri.com.br\/wp-content\/uploads\/2021\/06\/c-2-600x399.jpg\" alt=\"\" class=\"wp-image-96344\"\/><\/figure><\/div>\n\n\n\n<div class=\"wp-block-image\"><figure class=\"aligncenter\"><img decoding=\"async\" src=\"http:\/\/deolhonocariri.com.br\/wp-content\/uploads\/2021\/06\/c1-600x399.jpg\" alt=\"\" class=\"wp-image-96347\"\/><\/figure><\/div>\n\n\n\n<div class=\"wp-block-image\"><figure class=\"aligncenter\"><img decoding=\"async\" src=\"http:\/\/deolhonocariri.com.br\/wp-content\/uploads\/2021\/06\/195194118_3907398936025048_2204832250311799658_n-600x399.jpg\" alt=\"\" class=\"wp-image-96348\"\/><\/figure><\/div>\n\n\n\n<div class=\"wp-block-image\"><figure class=\"aligncenter\"><img decoding=\"async\" src=\"http:\/\/deolhonocariri.com.br\/wp-content\/uploads\/2021\/06\/c-4-600x399.jpg\" alt=\"\" class=\"wp-image-96346\"\/><\/figure><\/div>\n\n\n\n<p class=\"wp-block-paragraph\">Uma empresa contratada pela Prefeitura Municipal realizou nos \u00faltimos dias as instala\u00e7\u00f5es das c\u00e2meras nas principais entradas do munic\u00edpio \u00e0 Serra Branca, Tapero\u00e1, Livramento e Sum\u00e9.<\/p>\n\n\n\n<p class=\"wp-block-paragraph\">\u201cEm breve, vamos implantar mais benef\u00edcios, que se somar\u00e3o a este na busca por uma cidade mais segura e melhor para se viver\u201d, destacou Fel\u00edcio Queiroz.<\/p>\n\n\n\n<p class=\"wp-block-paragraph\"><em>Ascom<\/em><\/p>\n","protected":false},"excerpt":{"rendered":"<p>Cumprindo mais um compromisso de campanha, o prefeito Fel\u00edcio Queiroz realizou a instala\u00e7\u00e3o de circuito de monitoramento de c\u00e2meras de seguran\u00e7a nas principais avenidas e pontos estrat\u00e9gicos no munic\u00edpio de S\u00e3o Jos\u00e9 dos Cordeiros. Em a\u00e7\u00e3o realizada totalmente com recursos pr\u00f3prios, a gest\u00e3o municipal realizou inicialmente a instala\u00e7\u00e3o de 9 c\u00e2meras, espalhadas pelas entradas e sa\u00eddas do munic\u00edpio, visando garantir mais seguran\u00e7a \u00e0 toda popula\u00e7\u00e3o cordeirense. Uma empresa contratada pela Prefeitura Municipal realizou nos \u00faltimos dias as instala\u00e7\u00f5es das c\u00e2meras nas principais entradas do munic\u00edpio \u00e0 Serra Branca, Tapero\u00e1, Livramento e Sum\u00e9. \u201cEm breve, vamos implantar mais benef\u00edcios, que se somar\u00e3o a este na busca por uma cidade mais segura e melhor para se viver\u201d, destacou Fel\u00edcio Queiroz. Ascom<\/p>\n","protected":false},"author":6,"featured_media":221354,"comment_status":"closed","ping_status":"closed","sticky":false,"template":"","format":"standard","meta":{"sfsi_plus_gutenberg_text_before_share":"","sfsi_plus_gutenberg_show_text_before_share":"","sfsi_plus_gutenberg_icon_type":"","sfsi_plus_gutenberg_icon_alignemt":"","sfsi_plus_gutenburg_max_per_row":"","footnotes":""},"categories":[91],"tags":[],"class_list":["post-221353","post","type-post","status-publish","format-standard","has-post-thumbnail","hentry","category-sao-jose-dos-cordeiros"],"_links":{"self":[{"href":"https:\/\/www.caririemacao.com\/1\/wp-json\/wp\/v2\/posts\/221353","targetHints":{"allow":["GET"]}}],"collection":[{"href":"https:\/\/www.caririemacao.com\/1\/wp-json\/wp\/v2\/posts"}],"about":[{"href":"https:\/\/www.caririemacao.com\/1\/wp-json\/wp\/v2\/types\/post"}],"author":[{"embeddable":true,"href":"https:\/\/www.caririemacao.com\/1\/wp-json\/wp\/v2\/users\/6"}],"replies":[{"embeddable":true,"href":"https:\/\/www.caririemacao.com\/1\/wp-json\/wp\/v2\/comments?post=221353"}],"version-history":[{"count":1,"href":"https:\/\/www.caririemacao.com\/1\/wp-json\/wp\/v2\/posts\/221353\/revisions"}],"predecessor-version":[{"id":221355,"href":"https:\/\/www.caririemacao.com\/1\/wp-json\/wp\/v2\/posts\/221353\/revisions\/221355"}],"wp:featuredmedia":[{"embeddable":true,"href":"https:\/\/www.caririemacao.com\/1\/wp-json\/wp\/v2\/media\/221354"}],"wp:attachment":[{"href":"https:\/\/www.caririemacao.com\/1\/wp-json\/wp\/v2\/media?parent=221353"}],"wp:term":[{"taxonomy":"category","embeddable":true,"href":"https:\/\/www.caririemacao.com\/1\/wp-json\/wp\/v2\/categories?post=221353"},{"taxonomy":"post_tag","embeddable":true,"href":"https:\/\/www.caririemacao.com\/1\/wp-json\/wp\/v2\/tags?post=221353"}],"curies":[{"name":"wp","href":"https:\/\/api.w.org\/{rel}","templated":true}]}}