{"id":221931,"date":"2021-06-18T11:14:18","date_gmt":"2021-06-18T14:14:18","guid":{"rendered":"https:\/\/www.caririemacao.com\/1\/?p=221931"},"modified":"2021-06-18T16:54:13","modified_gmt":"2021-06-18T19:54:13","slug":"vereadores-de-sao-joao-do-tigre-aprovam-requerimentos-e-dois-projetos-de-lei-um-dos-projetos-e-de-arnobio-pereira","status":"publish","type":"post","link":"https:\/\/www.caririemacao.com\/1\/2021\/06\/18\/vereadores-de-sao-joao-do-tigre-aprovam-requerimentos-e-dois-projetos-de-lei-um-dos-projetos-e-de-arnobio-pereira\/","title":{"rendered":"Vereadores de S\u00e3o Jo\u00e3o do Tigre aprovam requerimentos e dois projetos de lei; um dos projetos \u00e9 de Arn\u00f3bio Pereira"},"content":{"rendered":"\n<p class=\"wp-block-paragraph\">A C\u00e2mara de S\u00e3o Jo\u00e3o do Tigre realizou na \u00faltima quinta-feira (17) mais uma sess\u00e3o ordin\u00e1ria. Na ocasi\u00e3o os parlamentares aprovaram tr\u00eas requerimentos e dois projetos de lei.<\/p>\n\n\n\n<p class=\"wp-block-paragraph\">O primeiro requerimento foi apresentado pelo vereador Gil, que solicitou ao Poder Executivo uma m\u00e1quina de esteira para atender o Distrito de Santa Maria e aos S\u00edtios Vargem Grande, Serra do Paulo e Enjeitado. Na justificativa apresentada, o parlamentar informou que a a\u00e7\u00e3o beneficiar\u00e1 a comunidade e as demais localidades.<\/p>\n\n\n\n<p class=\"wp-block-paragraph\">Em seguida, o requerimento de n\u00famero 002\/2021 apresentado pela vereadora Lucinha, solicitou a instala\u00e7\u00e3o de dois po\u00e7os com cataventos nos S\u00edtios Aroeira e S\u00e3o Miguel. Lucinha justificou que o pedido ir\u00e1 beneficiar as comunidades de S\u00e3o Miguel, Aroeira e demais localidades.<\/p>\n\n\n\n<p class=\"wp-block-paragraph\">O requerimento 04\/2021, de autoria do vereador e presidente Arn\u00f3bio Pereira, solicitou ao prefeito M\u00e1rcio Leite a constru\u00e7\u00e3o de uma pra\u00e7a na comunidade do Carec\u00e3o. &#8220;O objetivo \u00e9 beneficiar a popula\u00e7\u00e3o dessa localidade dando mais dignidade ao cidad\u00e3o&#8221;, justificou.<\/p>\n\n\n\n<p class=\"wp-block-paragraph\">Arn\u00f3bio Pereira tamb\u00e9m apresentou o projeto de lei  001\/2021 que disp\u00f5e sobre a obrigatoriedade das institui\u00e7\u00f5es banc\u00e1rias de realizar visita domiciliar para prova de vida de benefici\u00e1rios do INSS.<\/p>\n\n\n\n<p class=\"wp-block-paragraph\">O vereador Valdiro Tutu fez um requerimento verbal solicitando maior celeridade na resolu\u00e7\u00e3o do problema da opera\u00e7\u00e3o carro pipa, j\u00e1 que o mesmo, \u00e9 conhecedor que o programa est\u00e1 com valores defasados.<\/p>\n\n\n\n<p class=\"wp-block-paragraph\">Ainda foi aprovado o projeto de lei que autoriza o chefe do Poder Executivo Municipal abrir cr\u00e9dito adicional especial em favor da Prefeitura Municipal de S\u00e3o Jo\u00e3o do Tigre para atender despesas n\u00e3o previstas no or\u00e7amento municipal.<\/p>\n\n\n\n<p class=\"wp-block-paragraph\">Os parlamentares aprovaram por unanimidade os requerimentos e os projetos apresentados. A sess\u00e3o obedeceu aos decretos municipal e estadual em virtude da pandemia da Covid-19.<\/p>\n\n\n\n<p class=\"wp-block-paragraph\"><em>(Reda\u00e7\u00e3o do Cariri Em A\u00e7\u00e3o)<\/em><\/p>\n","protected":false},"excerpt":{"rendered":"<p>A C\u00e2mara de S\u00e3o Jo\u00e3o do Tigre realizou na \u00faltima quinta-feira (17) mais uma sess\u00e3o ordin\u00e1ria. Na ocasi\u00e3o os parlamentares aprovaram tr\u00eas requerimentos e dois projetos de lei. O primeiro requerimento foi apresentado pelo vereador Gil, que solicitou ao Poder Executivo uma m\u00e1quina de esteira para atender o Distrito de Santa Maria e aos S\u00edtios Vargem Grande, Serra do Paulo e Enjeitado. Na justificativa apresentada, o parlamentar informou que a a\u00e7\u00e3o beneficiar\u00e1 a comunidade e as demais localidades. Em seguida, o requerimento de n\u00famero 002\/2021 apresentado pela vereadora Lucinha, solicitou a instala\u00e7\u00e3o de dois po\u00e7os com cataventos nos S\u00edtios Aroeira e S\u00e3o Miguel. Lucinha justificou que o pedido ir\u00e1 beneficiar as comunidades de S\u00e3o Miguel, Aroeira e demais localidades. O requerimento 04\/2021, de autoria do vereador e presidente Arn\u00f3bio Pereira, solicitou ao prefeito M\u00e1rcio Leite a constru\u00e7\u00e3o de uma pra\u00e7a na comunidade do Carec\u00e3o. &#8220;O objetivo \u00e9 beneficiar a popula\u00e7\u00e3o dessa localidade dando mais dignidade ao cidad\u00e3o&#8221;, justificou. Arn\u00f3bio Pereira tamb\u00e9m apresentou o projeto de lei 001\/2021 que disp\u00f5e sobre a obrigatoriedade das institui\u00e7\u00f5es banc\u00e1rias de realizar visita domiciliar para prova de vida de benefici\u00e1rios do INSS. O vereador Valdiro Tutu fez um requerimento verbal solicitando maior celeridade na resolu\u00e7\u00e3o do problema da opera\u00e7\u00e3o carro pipa, j\u00e1 que o mesmo, \u00e9 conhecedor que o programa est\u00e1 com valores defasados. Ainda foi aprovado o projeto de lei que autoriza o chefe do Poder Executivo Municipal abrir cr\u00e9dito adicional especial em favor da Prefeitura Municipal de S\u00e3o Jo\u00e3o do Tigre para atender despesas n\u00e3o previstas no or\u00e7amento municipal. Os parlamentares aprovaram por unanimidade os requerimentos e os projetos apresentados. A sess\u00e3o obedeceu aos decretos municipal e estadual em virtude da pandemia da Covid-19. (Reda\u00e7\u00e3o do Cariri Em A\u00e7\u00e3o)<\/p>\n","protected":false},"author":6,"featured_media":221989,"comment_status":"closed","ping_status":"closed","sticky":false,"template":"","format":"standard","meta":{"sfsi_plus_gutenberg_text_before_share":"","sfsi_plus_gutenberg_show_text_before_share":"","sfsi_plus_gutenberg_icon_type":"","sfsi_plus_gutenberg_icon_alignemt":"","sfsi_plus_gutenburg_max_per_row":"","footnotes":""},"categories":[1,89],"tags":[],"class_list":["post-221931","post","type-post","status-publish","format-standard","has-post-thumbnail","hentry","category-o-site","category-sao-joao-do-tigre"],"_links":{"self":[{"href":"https:\/\/www.caririemacao.com\/1\/wp-json\/wp\/v2\/posts\/221931","targetHints":{"allow":["GET"]}}],"collection":[{"href":"https:\/\/www.caririemacao.com\/1\/wp-json\/wp\/v2\/posts"}],"about":[{"href":"https:\/\/www.caririemacao.com\/1\/wp-json\/wp\/v2\/types\/post"}],"author":[{"embeddable":true,"href":"https:\/\/www.caririemacao.com\/1\/wp-json\/wp\/v2\/users\/6"}],"replies":[{"embeddable":true,"href":"https:\/\/www.caririemacao.com\/1\/wp-json\/wp\/v2\/comments?post=221931"}],"version-history":[{"count":7,"href":"https:\/\/www.caririemacao.com\/1\/wp-json\/wp\/v2\/posts\/221931\/revisions"}],"predecessor-version":[{"id":222027,"href":"https:\/\/www.caririemacao.com\/1\/wp-json\/wp\/v2\/posts\/221931\/revisions\/222027"}],"wp:featuredmedia":[{"embeddable":true,"href":"https:\/\/www.caririemacao.com\/1\/wp-json\/wp\/v2\/media\/221989"}],"wp:attachment":[{"href":"https:\/\/www.caririemacao.com\/1\/wp-json\/wp\/v2\/media?parent=221931"}],"wp:term":[{"taxonomy":"category","embeddable":true,"href":"https:\/\/www.caririemacao.com\/1\/wp-json\/wp\/v2\/categories?post=221931"},{"taxonomy":"post_tag","embeddable":true,"href":"https:\/\/www.caririemacao.com\/1\/wp-json\/wp\/v2\/tags?post=221931"}],"curies":[{"name":"wp","href":"https:\/\/api.w.org\/{rel}","templated":true}]}}