{"id":222038,"date":"2021-06-18T18:56:54","date_gmt":"2021-06-18T21:56:54","guid":{"rendered":"https:\/\/www.caririemacao.com\/1\/?p=222038"},"modified":"2021-06-18T18:56:55","modified_gmt":"2021-06-18T21:56:55","slug":"prefeitura-de-sao-jose-dos-cordeiros-distribui-600-cestas-basicas-aos-beneficiarios-do-programa-bolsa-familia","status":"publish","type":"post","link":"https:\/\/www.caririemacao.com\/1\/2021\/06\/18\/prefeitura-de-sao-jose-dos-cordeiros-distribui-600-cestas-basicas-aos-beneficiarios-do-programa-bolsa-familia\/","title":{"rendered":"Prefeitura de S\u00e3o Jos\u00e9 dos Cordeiros distribui 600 cestas b\u00e1sicas aos benefici\u00e1rios do Programa Bolsa Fam\u00edlia"},"content":{"rendered":"\n<p class=\"wp-block-paragraph\">Prezando pela seguran\u00e7a alimentar e assist\u00eancia \u00e0s fam\u00edlias benefici\u00e1rias do programa Bolsa Fam\u00edlia em S\u00e3o Jos\u00e9 dos Cordeiros, a Prefeitura Municipal, por meio da Secretaria de Assist\u00eancia Social, realizou nesta sexta-feira(18), a distribui\u00e7\u00e3o de cestas b\u00e1sicas para \u00e0 popula\u00e7\u00e3o do munic\u00edpio.<\/p>\n\n\n\n<p class=\"wp-block-paragraph\">Ao todo, cerca de 600 benefici\u00e1rios do programa Bolsa Fam\u00edlia foram beneficiados com as cestas de alimentos que ajudar\u00e3o \u00e0s fam\u00edlias beneficiadas, especialmente neste tempo de pandemia e dificuldades econ\u00f4micas.<\/p>\n\n\n\n<div class=\"wp-block-image\"><figure class=\"aligncenter\"><img decoding=\"async\" src=\"http:\/\/deolhonocariri.com.br\/wp-content\/uploads\/2021\/06\/196574414_2197130197088927_4772633981011137410_n-600x399.jpg\" alt=\"\" class=\"wp-image-96615\"\/><\/figure><\/div>\n\n\n\n<div class=\"wp-block-image\"><figure class=\"aligncenter\"><img decoding=\"async\" src=\"http:\/\/deolhonocariri.com.br\/wp-content\/uploads\/2021\/06\/200195464_2197130177088929_8637870417331810876_n-600x399.jpg\" alt=\"\" class=\"wp-image-96614\"\/><\/figure><\/div>\n\n\n\n<div class=\"wp-block-image\"><figure class=\"aligncenter\"><img decoding=\"async\" src=\"http:\/\/deolhonocariri.com.br\/wp-content\/uploads\/2021\/06\/201277756_2197130180422262_5733411337787611838_n-600x399.jpg\" alt=\"\" class=\"wp-image-96612\"\/><\/figure><\/div>\n\n\n\n<p class=\"wp-block-paragraph\">A a\u00e7\u00e3o \u00e9 fruto de uma parceria com o Governo do Estado e faz parte das iniciativas, que visam garantir seguran\u00e7a alimentar para as fam\u00edlias em vulnerabilidade social, durante a pandemia.<\/p>\n","protected":false},"excerpt":{"rendered":"<p>Prezando pela seguran\u00e7a alimentar e assist\u00eancia \u00e0s fam\u00edlias benefici\u00e1rias do programa Bolsa Fam\u00edlia em S\u00e3o Jos\u00e9 dos Cordeiros, a Prefeitura Municipal, por meio da Secretaria de Assist\u00eancia Social, realizou nesta sexta-feira(18), a distribui\u00e7\u00e3o de cestas b\u00e1sicas para \u00e0 popula\u00e7\u00e3o do munic\u00edpio. Ao todo, cerca de 600 benefici\u00e1rios do programa Bolsa Fam\u00edlia foram beneficiados com as cestas de alimentos que ajudar\u00e3o \u00e0s fam\u00edlias beneficiadas, especialmente neste tempo de pandemia e dificuldades econ\u00f4micas. A a\u00e7\u00e3o \u00e9 fruto de uma parceria com o Governo do Estado e faz parte das iniciativas, que visam garantir seguran\u00e7a alimentar para as fam\u00edlias em vulnerabilidade social, durante a pandemia.<\/p>\n","protected":false},"author":6,"featured_media":222039,"comment_status":"closed","ping_status":"closed","sticky":false,"template":"","format":"standard","meta":{"sfsi_plus_gutenberg_text_before_share":"","sfsi_plus_gutenberg_show_text_before_share":"","sfsi_plus_gutenberg_icon_type":"","sfsi_plus_gutenberg_icon_alignemt":"","sfsi_plus_gutenburg_max_per_row":"","footnotes":""},"categories":[91],"tags":[],"class_list":["post-222038","post","type-post","status-publish","format-standard","has-post-thumbnail","hentry","category-sao-jose-dos-cordeiros"],"_links":{"self":[{"href":"https:\/\/www.caririemacao.com\/1\/wp-json\/wp\/v2\/posts\/222038","targetHints":{"allow":["GET"]}}],"collection":[{"href":"https:\/\/www.caririemacao.com\/1\/wp-json\/wp\/v2\/posts"}],"about":[{"href":"https:\/\/www.caririemacao.com\/1\/wp-json\/wp\/v2\/types\/post"}],"author":[{"embeddable":true,"href":"https:\/\/www.caririemacao.com\/1\/wp-json\/wp\/v2\/users\/6"}],"replies":[{"embeddable":true,"href":"https:\/\/www.caririemacao.com\/1\/wp-json\/wp\/v2\/comments?post=222038"}],"version-history":[{"count":1,"href":"https:\/\/www.caririemacao.com\/1\/wp-json\/wp\/v2\/posts\/222038\/revisions"}],"predecessor-version":[{"id":222040,"href":"https:\/\/www.caririemacao.com\/1\/wp-json\/wp\/v2\/posts\/222038\/revisions\/222040"}],"wp:featuredmedia":[{"embeddable":true,"href":"https:\/\/www.caririemacao.com\/1\/wp-json\/wp\/v2\/media\/222039"}],"wp:attachment":[{"href":"https:\/\/www.caririemacao.com\/1\/wp-json\/wp\/v2\/media?parent=222038"}],"wp:term":[{"taxonomy":"category","embeddable":true,"href":"https:\/\/www.caririemacao.com\/1\/wp-json\/wp\/v2\/categories?post=222038"},{"taxonomy":"post_tag","embeddable":true,"href":"https:\/\/www.caririemacao.com\/1\/wp-json\/wp\/v2\/tags?post=222038"}],"curies":[{"name":"wp","href":"https:\/\/api.w.org\/{rel}","templated":true}]}}