{"id":222170,"date":"2021-06-21T06:59:26","date_gmt":"2021-06-21T09:59:26","guid":{"rendered":"https:\/\/www.caririemacao.com\/1\/?p=222170"},"modified":"2021-06-21T06:59:28","modified_gmt":"2021-06-21T09:59:28","slug":"inscricoes-para-enem-2021-comecam-em-dez-dias-por-meio-do-site-do-inep","status":"publish","type":"post","link":"https:\/\/www.caririemacao.com\/1\/2021\/06\/21\/inscricoes-para-enem-2021-comecam-em-dez-dias-por-meio-do-site-do-inep\/","title":{"rendered":"Inscri\u00e7\u00f5es para Enem 2021 come\u00e7am em dez dias por meio do site do Inep"},"content":{"rendered":"\n<p class=\"wp-block-paragraph\">O in\u00edcio para as inscri\u00e7\u00f5es do Exame Nacional do Ensino M\u00e9dio (Enem) j\u00e1 est\u00e1 pr\u00f3ximo. Faltam dez dias para que os interessados possam se inscrever acessando a p\u00e1gina do participante no site do Inep (Instituto Nacional de Estudos e Pesquisas Educacionais An\u00edsio Teixeira).<\/p>\n\n\n\n<p class=\"wp-block-paragraph\">O prazo come\u00e7a no dia 30 de junho e seguir\u00e1 at\u00e9 14 de julho. A aplica\u00e7\u00e3o do exame na vers\u00e3o impressa e digital ir\u00e1 ocorrer nos dias 21 e 28 de novembro. O Inep ir\u00e1 receber as solicita\u00e7\u00f5es de atendimento especializado durante o per\u00edodo de inscri\u00e7\u00f5es. J\u00e1 os pedidos de tratamento pelo nome social dever\u00e3o ser feitos a partir de 19 de julho.<\/p>\n\n\n\n<p class=\"wp-block-paragraph\">O participante que necessitar de atendimento especializado dever\u00e1 informar, no ato da inscri\u00e7\u00e3o, as condi\u00e7\u00f5es que motivam a solicita\u00e7\u00e3o, conforme preveem os editais. Como novidade para este ano, a vers\u00e3o digital ter\u00e1 recursos de acessibilidade para a realiza\u00e7\u00e3o do exame. Os participantes que tiverem pedido de atendimento aprovado pelo Inep poder\u00e3o realizar, por exemplo, prova ampliada, super ampliada ou com contraste.<\/p>\n\n\n\n<p class=\"wp-block-paragraph\">Ainda ser\u00e1 permitido que os inscritos usem materiais pr\u00f3prios que auxiliem na realiza\u00e7\u00e3o da prova no computador, caso seja necess\u00e1rio. Tradutor-int\u00e9rprete de Libras (L\u00edngua Brasileira de Sinais), tempo adicional e salas acess\u00edveis tamb\u00e9m s\u00e3o recursos previstos no edital da modalidade digital.<\/p>\n\n\n\n<p class=\"wp-block-paragraph\">O Enem avalia o desempenho escolar dos estudantes ao t\u00e9rmino da educa\u00e7\u00e3o b\u00e1sica. Ao longo de mais de duas d\u00e9cadas de exist\u00eancia, tornou-se uma das principais portas de entrada para a educa\u00e7\u00e3o superior no Brasil, por meio do Sisu (Sistema de Sele\u00e7\u00e3o Unificada) e de iniciativas como o ProUni (Programa Universidade para Todos).<\/p>\n\n\n\n<p class=\"wp-block-paragraph\">R7<\/p>\n","protected":false},"excerpt":{"rendered":"<p>O in\u00edcio para as inscri\u00e7\u00f5es do Exame Nacional do Ensino M\u00e9dio (Enem) j\u00e1 est\u00e1 pr\u00f3ximo. Faltam dez dias para que os interessados possam se inscrever acessando a p\u00e1gina do participante no site do Inep (Instituto Nacional de Estudos e Pesquisas Educacionais An\u00edsio Teixeira). O prazo come\u00e7a no dia 30 de junho e seguir\u00e1 at\u00e9 14 de julho. A aplica\u00e7\u00e3o do exame na vers\u00e3o impressa e digital ir\u00e1 ocorrer nos dias 21 e 28 de novembro. O Inep ir\u00e1 receber as solicita\u00e7\u00f5es de atendimento especializado durante o per\u00edodo de inscri\u00e7\u00f5es. J\u00e1 os pedidos de tratamento pelo nome social dever\u00e3o ser feitos a partir de 19 de julho. O participante que necessitar de atendimento especializado dever\u00e1 informar, no ato da inscri\u00e7\u00e3o, as condi\u00e7\u00f5es que motivam a solicita\u00e7\u00e3o, conforme preveem os editais. Como novidade para este ano, a vers\u00e3o digital ter\u00e1 recursos de acessibilidade para a realiza\u00e7\u00e3o do exame. Os participantes que tiverem pedido de atendimento aprovado pelo Inep poder\u00e3o realizar, por exemplo, prova ampliada, super ampliada ou com contraste. Ainda ser\u00e1 permitido que os inscritos usem materiais pr\u00f3prios que auxiliem na realiza\u00e7\u00e3o da prova no computador, caso seja necess\u00e1rio. Tradutor-int\u00e9rprete de Libras (L\u00edngua Brasileira de Sinais), tempo adicional e salas acess\u00edveis tamb\u00e9m s\u00e3o recursos previstos no edital da modalidade digital. O Enem avalia o desempenho escolar dos estudantes ao t\u00e9rmino da educa\u00e7\u00e3o b\u00e1sica. Ao longo de mais de duas d\u00e9cadas de exist\u00eancia, tornou-se uma das principais portas de entrada para a educa\u00e7\u00e3o superior no Brasil, por meio do Sisu (Sistema de Sele\u00e7\u00e3o Unificada) e de iniciativas como o ProUni (Programa Universidade para Todos). R7<\/p>\n","protected":false},"author":6,"featured_media":222171,"comment_status":"closed","ping_status":"closed","sticky":false,"template":"","format":"standard","meta":{"sfsi_plus_gutenberg_text_before_share":"","sfsi_plus_gutenberg_show_text_before_share":"","sfsi_plus_gutenberg_icon_type":"","sfsi_plus_gutenberg_icon_alignemt":"","sfsi_plus_gutenburg_max_per_row":"","footnotes":""},"categories":[123,50,14],"tags":[],"class_list":["post-222170","post","type-post","status-publish","format-standard","has-post-thumbnail","hentry","category-brasil","category-destaque","category-educacao"],"_links":{"self":[{"href":"https:\/\/www.caririemacao.com\/1\/wp-json\/wp\/v2\/posts\/222170","targetHints":{"allow":["GET"]}}],"collection":[{"href":"https:\/\/www.caririemacao.com\/1\/wp-json\/wp\/v2\/posts"}],"about":[{"href":"https:\/\/www.caririemacao.com\/1\/wp-json\/wp\/v2\/types\/post"}],"author":[{"embeddable":true,"href":"https:\/\/www.caririemacao.com\/1\/wp-json\/wp\/v2\/users\/6"}],"replies":[{"embeddable":true,"href":"https:\/\/www.caririemacao.com\/1\/wp-json\/wp\/v2\/comments?post=222170"}],"version-history":[{"count":1,"href":"https:\/\/www.caririemacao.com\/1\/wp-json\/wp\/v2\/posts\/222170\/revisions"}],"predecessor-version":[{"id":222172,"href":"https:\/\/www.caririemacao.com\/1\/wp-json\/wp\/v2\/posts\/222170\/revisions\/222172"}],"wp:featuredmedia":[{"embeddable":true,"href":"https:\/\/www.caririemacao.com\/1\/wp-json\/wp\/v2\/media\/222171"}],"wp:attachment":[{"href":"https:\/\/www.caririemacao.com\/1\/wp-json\/wp\/v2\/media?parent=222170"}],"wp:term":[{"taxonomy":"category","embeddable":true,"href":"https:\/\/www.caririemacao.com\/1\/wp-json\/wp\/v2\/categories?post=222170"},{"taxonomy":"post_tag","embeddable":true,"href":"https:\/\/www.caririemacao.com\/1\/wp-json\/wp\/v2\/tags?post=222170"}],"curies":[{"name":"wp","href":"https:\/\/api.w.org\/{rel}","templated":true}]}}