{"id":222261,"date":"2021-06-21T19:03:51","date_gmt":"2021-06-21T22:03:51","guid":{"rendered":"https:\/\/www.caririemacao.com\/1\/?p=222261"},"modified":"2021-06-21T19:03:55","modified_gmt":"2021-06-21T22:03:55","slug":"monteiro-confirma-mais-23-novos-casos-para-covid-19","status":"publish","type":"post","link":"https:\/\/www.caririemacao.com\/1\/2021\/06\/21\/monteiro-confirma-mais-23-novos-casos-para-covid-19\/","title":{"rendered":"Monteiro confirma mais 23 novos casos para Covid-19"},"content":{"rendered":"\n<p class=\"wp-block-paragraph\">A Secretaria Municipal de Sa\u00fade de Monteiro informa que nesta Segunda feira, 21, tivemos mais 23 novos casos, CONFIRMADOS para COVID-19.<\/p>\n\n\n\n<p class=\"wp-block-paragraph\">Sendo 17 (dezessete) casos, sexo feminino e 06 (seis) casos, sexo masculino. Foram orientados a realizar o isolamento domiciliar e est\u00e3o sendo monitorados pela equipe de Vigil\u00e2ncia em Sa\u00fade e Unidades B\u00e1sicas de Sa\u00fade do Munic\u00edpio.<\/p>\n\n\n\n<p class=\"wp-block-paragraph\">No Hospital Regional Santa Filomena, est\u00e3o internos no dia de hoje:<\/p>\n\n\n\n<p class=\"wp-block-paragraph\">13 pacientes na enfermaria para COVID 19<br>03 pacientes na UTI<\/p>\n\n\n\n<p class=\"wp-block-paragraph\">Totalizamos at\u00e9 esta data 12 (doze) pacientes internos, sendo 02 (dois) pacientes no Hospital de Cl\u00ednicas, &nbsp;05 (cinco) pacientes do Hospital Pedro I, 01 (um) paciente no Hospital Santa Clara e 02 (dois) pacientes no Hospital de Trauma, todos em Campina Grande, 01 (um) pacientes no Hospital da Unimed, 01 (um) paciente no Hospital Clementino Fraga, em Jo\u00e3o Pessoa.<\/p>\n\n\n\n<p class=\"wp-block-paragraph\">Atestamos que nesta data foram registrados mais 23 (vinte e tr\u00eas) novos casos recuperados, totalizando 3918 casos recuperados da COVID-19.<\/p>\n\n\n\n<p class=\"wp-block-paragraph\">Refor\u00e7amos a import\u00e2ncia de toda popula\u00e7\u00e3o seguir as orienta\u00e7\u00f5es do distanciamento social, o uso de m\u00e1scaras, a higieniza\u00e7\u00e3o das m\u00e3os com \u00e1lcool 70% e demais medidas apresentadas pela Secretaria de Sa\u00fade.<\/p>\n","protected":false},"excerpt":{"rendered":"<p>A Secretaria Municipal de Sa\u00fade de Monteiro informa que nesta Segunda feira, 21, tivemos mais 23 novos casos, CONFIRMADOS para COVID-19. Sendo 17 (dezessete) casos, sexo feminino e 06 (seis) casos, sexo masculino. Foram orientados a realizar o isolamento domiciliar e est\u00e3o sendo monitorados pela equipe de Vigil\u00e2ncia em Sa\u00fade e Unidades B\u00e1sicas de Sa\u00fade do Munic\u00edpio. No Hospital Regional Santa Filomena, est\u00e3o internos no dia de hoje: 13 pacientes na enfermaria para COVID 1903 pacientes na UTI Totalizamos at\u00e9 esta data 12 (doze) pacientes internos, sendo 02 (dois) pacientes no Hospital de Cl\u00ednicas, &nbsp;05 (cinco) pacientes do Hospital Pedro I, 01 (um) paciente no Hospital Santa Clara e 02 (dois) pacientes no Hospital de Trauma, todos em Campina Grande, 01 (um) pacientes no Hospital da Unimed, 01 (um) paciente no Hospital Clementino Fraga, em Jo\u00e3o Pessoa. Atestamos que nesta data foram registrados mais 23 (vinte e tr\u00eas) novos casos recuperados, totalizando 3918 casos recuperados da COVID-19. Refor\u00e7amos a import\u00e2ncia de toda popula\u00e7\u00e3o seguir as orienta\u00e7\u00f5es do distanciamento social, o uso de m\u00e1scaras, a higieniza\u00e7\u00e3o das m\u00e3os com \u00e1lcool 70% e demais medidas apresentadas pela Secretaria de Sa\u00fade.<\/p>\n","protected":false},"author":6,"featured_media":222262,"comment_status":"closed","ping_status":"closed","sticky":false,"template":"","format":"standard","meta":{"sfsi_plus_gutenberg_text_before_share":"","sfsi_plus_gutenberg_show_text_before_share":"","sfsi_plus_gutenberg_icon_type":"","sfsi_plus_gutenberg_icon_alignemt":"","sfsi_plus_gutenburg_max_per_row":"","footnotes":""},"categories":[81],"tags":[],"class_list":["post-222261","post","type-post","status-publish","format-standard","has-post-thumbnail","hentry","category-monteiro"],"_links":{"self":[{"href":"https:\/\/www.caririemacao.com\/1\/wp-json\/wp\/v2\/posts\/222261","targetHints":{"allow":["GET"]}}],"collection":[{"href":"https:\/\/www.caririemacao.com\/1\/wp-json\/wp\/v2\/posts"}],"about":[{"href":"https:\/\/www.caririemacao.com\/1\/wp-json\/wp\/v2\/types\/post"}],"author":[{"embeddable":true,"href":"https:\/\/www.caririemacao.com\/1\/wp-json\/wp\/v2\/users\/6"}],"replies":[{"embeddable":true,"href":"https:\/\/www.caririemacao.com\/1\/wp-json\/wp\/v2\/comments?post=222261"}],"version-history":[{"count":1,"href":"https:\/\/www.caririemacao.com\/1\/wp-json\/wp\/v2\/posts\/222261\/revisions"}],"predecessor-version":[{"id":222263,"href":"https:\/\/www.caririemacao.com\/1\/wp-json\/wp\/v2\/posts\/222261\/revisions\/222263"}],"wp:featuredmedia":[{"embeddable":true,"href":"https:\/\/www.caririemacao.com\/1\/wp-json\/wp\/v2\/media\/222262"}],"wp:attachment":[{"href":"https:\/\/www.caririemacao.com\/1\/wp-json\/wp\/v2\/media?parent=222261"}],"wp:term":[{"taxonomy":"category","embeddable":true,"href":"https:\/\/www.caririemacao.com\/1\/wp-json\/wp\/v2\/categories?post=222261"},{"taxonomy":"post_tag","embeddable":true,"href":"https:\/\/www.caririemacao.com\/1\/wp-json\/wp\/v2\/tags?post=222261"}],"curies":[{"name":"wp","href":"https:\/\/api.w.org\/{rel}","templated":true}]}}