{"id":222264,"date":"2021-06-21T20:34:52","date_gmt":"2021-06-21T23:34:52","guid":{"rendered":"https:\/\/www.caririemacao.com\/1\/?p=222264"},"modified":"2021-06-21T20:35:39","modified_gmt":"2021-06-21T23:35:39","slug":"cirurgiao-dentista-e-empresario-da-cidade-de-prata-e-referencia-nacional-2021-pela-ancef","status":"publish","type":"post","link":"https:\/\/www.caririemacao.com\/1\/2021\/06\/21\/cirurgiao-dentista-e-empresario-da-cidade-de-prata-e-referencia-nacional-2021-pela-ancef\/","title":{"rendered":"Cirurgi\u00e3o-Dentista e Empres\u00e1rio da cidade de Prata \u00e9 refer\u00eancia nacional 2021 pela ANCEF"},"content":{"rendered":"\n<p class=\"wp-block-paragraph\">O Cirurgi\u00e3o-Dentista e Empres\u00e1rio da cidade de Prata-PB, Dr. Victor Santos, \u00e9 refer\u00eancia nacional 2021 pela ANCEF &#8211; Ag\u00eancia Nacional de Comunica\u00e7\u00e3o, Empreendedorismo e Cultura, destaque pela qualidade das atividades no Brasil em 2020.<\/p>\n\n\n\n<p class=\"wp-block-paragraph\">Dr. Victor participar\u00e1 da solenidade de entrega do selo (Ouro, Prata ou Bronze) na cidade do Rio de Janeiro em novembro, levando o nome da Para\u00edba para todo Pa\u00eds.<\/p>\n\n\n\n<p class=\"wp-block-paragraph\"><strong>Cariri Em A\u00e7\u00e3o<\/strong><\/p>\n","protected":false},"excerpt":{"rendered":"<p>O Cirurgi\u00e3o-Dentista e Empres\u00e1rio da cidade de Prata-PB, Dr. Victor Santos, \u00e9 refer\u00eancia nacional 2021 pela ANCEF &#8211; Ag\u00eancia Nacional de Comunica\u00e7\u00e3o, Empreendedorismo e Cultura, destaque pela qualidade das atividades no Brasil em 2020. Dr. Victor participar\u00e1 da solenidade de entrega do selo (Ouro, Prata ou Bronze) na cidade do Rio de Janeiro em novembro, levando o nome da Para\u00edba para todo Pa\u00eds. Cariri Em A\u00e7\u00e3o<\/p>\n","protected":false},"author":6,"featured_media":222265,"comment_status":"closed","ping_status":"closed","sticky":false,"template":"","format":"standard","meta":{"sfsi_plus_gutenberg_text_before_share":"","sfsi_plus_gutenberg_show_text_before_share":"","sfsi_plus_gutenberg_icon_type":"","sfsi_plus_gutenberg_icon_alignemt":"","sfsi_plus_gutenburg_max_per_row":"","footnotes":""},"categories":[85],"tags":[],"class_list":["post-222264","post","type-post","status-publish","format-standard","has-post-thumbnail","hentry","category-prata"],"_links":{"self":[{"href":"https:\/\/www.caririemacao.com\/1\/wp-json\/wp\/v2\/posts\/222264","targetHints":{"allow":["GET"]}}],"collection":[{"href":"https:\/\/www.caririemacao.com\/1\/wp-json\/wp\/v2\/posts"}],"about":[{"href":"https:\/\/www.caririemacao.com\/1\/wp-json\/wp\/v2\/types\/post"}],"author":[{"embeddable":true,"href":"https:\/\/www.caririemacao.com\/1\/wp-json\/wp\/v2\/users\/6"}],"replies":[{"embeddable":true,"href":"https:\/\/www.caririemacao.com\/1\/wp-json\/wp\/v2\/comments?post=222264"}],"version-history":[{"count":2,"href":"https:\/\/www.caririemacao.com\/1\/wp-json\/wp\/v2\/posts\/222264\/revisions"}],"predecessor-version":[{"id":222267,"href":"https:\/\/www.caririemacao.com\/1\/wp-json\/wp\/v2\/posts\/222264\/revisions\/222267"}],"wp:featuredmedia":[{"embeddable":true,"href":"https:\/\/www.caririemacao.com\/1\/wp-json\/wp\/v2\/media\/222265"}],"wp:attachment":[{"href":"https:\/\/www.caririemacao.com\/1\/wp-json\/wp\/v2\/media?parent=222264"}],"wp:term":[{"taxonomy":"category","embeddable":true,"href":"https:\/\/www.caririemacao.com\/1\/wp-json\/wp\/v2\/categories?post=222264"},{"taxonomy":"post_tag","embeddable":true,"href":"https:\/\/www.caririemacao.com\/1\/wp-json\/wp\/v2\/tags?post=222264"}],"curies":[{"name":"wp","href":"https:\/\/api.w.org\/{rel}","templated":true}]}}