{"id":222297,"date":"2021-06-22T08:49:09","date_gmt":"2021-06-22T11:49:09","guid":{"rendered":"https:\/\/www.caririemacao.com\/1\/?p=222297"},"modified":"2021-06-22T08:49:11","modified_gmt":"2021-06-22T11:49:11","slug":"urgente-homem-e-encontrado-morto-em-sume","status":"publish","type":"post","link":"https:\/\/www.caririemacao.com\/1\/2021\/06\/22\/urgente-homem-e-encontrado-morto-em-sume\/","title":{"rendered":"URGENTE: Homem \u00e9 encontrado morto em Sum\u00e9"},"content":{"rendered":"\n<p class=\"wp-block-paragraph\">Um homem chamado de Fabr\u00edcio, popularmente conhecido como Bir\u00f4 foi encontrado morto na estrada que liga Sum\u00e9 \u00e0 S\u00e3o Jos\u00e9 dos Cordeiros, precisamente na curva pr\u00f3ximo ao s\u00edtio de Nera.<\/p>\n\n\n\n<p class=\"wp-block-paragraph\">De acordo com informa\u00e7\u00f5es preliminares, a v\u00edtima pode ter sobrado na curva e veio a \u00f3bito no local.<\/p>\n\n\n\n<p class=\"wp-block-paragraph\">Informa\u00e7\u00f5es a qualquer momento.<\/p>\n","protected":false},"excerpt":{"rendered":"<p>Um homem chamado de Fabr\u00edcio, popularmente conhecido como Bir\u00f4 foi encontrado morto na estrada que liga Sum\u00e9 \u00e0 S\u00e3o Jos\u00e9 dos Cordeiros, precisamente na curva pr\u00f3ximo ao s\u00edtio de Nera. De acordo com informa\u00e7\u00f5es preliminares, a v\u00edtima pode ter sobrado na curva e veio a \u00f3bito no local. Informa\u00e7\u00f5es a qualquer momento.<\/p>\n","protected":false},"author":2,"featured_media":88728,"comment_status":"closed","ping_status":"closed","sticky":false,"template":"","format":"standard","meta":{"sfsi_plus_gutenberg_text_before_share":"","sfsi_plus_gutenberg_show_text_before_share":"","sfsi_plus_gutenberg_icon_type":"","sfsi_plus_gutenberg_icon_alignemt":"","sfsi_plus_gutenburg_max_per_row":"","footnotes":""},"categories":[50],"tags":[],"class_list":["post-222297","post","type-post","status-publish","format-standard","has-post-thumbnail","hentry","category-destaque"],"_links":{"self":[{"href":"https:\/\/www.caririemacao.com\/1\/wp-json\/wp\/v2\/posts\/222297","targetHints":{"allow":["GET"]}}],"collection":[{"href":"https:\/\/www.caririemacao.com\/1\/wp-json\/wp\/v2\/posts"}],"about":[{"href":"https:\/\/www.caririemacao.com\/1\/wp-json\/wp\/v2\/types\/post"}],"author":[{"embeddable":true,"href":"https:\/\/www.caririemacao.com\/1\/wp-json\/wp\/v2\/users\/2"}],"replies":[{"embeddable":true,"href":"https:\/\/www.caririemacao.com\/1\/wp-json\/wp\/v2\/comments?post=222297"}],"version-history":[{"count":1,"href":"https:\/\/www.caririemacao.com\/1\/wp-json\/wp\/v2\/posts\/222297\/revisions"}],"predecessor-version":[{"id":222303,"href":"https:\/\/www.caririemacao.com\/1\/wp-json\/wp\/v2\/posts\/222297\/revisions\/222303"}],"wp:featuredmedia":[{"embeddable":true,"href":"https:\/\/www.caririemacao.com\/1\/wp-json\/wp\/v2\/media\/88728"}],"wp:attachment":[{"href":"https:\/\/www.caririemacao.com\/1\/wp-json\/wp\/v2\/media?parent=222297"}],"wp:term":[{"taxonomy":"category","embeddable":true,"href":"https:\/\/www.caririemacao.com\/1\/wp-json\/wp\/v2\/categories?post=222297"},{"taxonomy":"post_tag","embeddable":true,"href":"https:\/\/www.caririemacao.com\/1\/wp-json\/wp\/v2\/tags?post=222297"}],"curies":[{"name":"wp","href":"https:\/\/api.w.org\/{rel}","templated":true}]}}