{"id":22314,"date":"2017-06-24T15:59:33","date_gmt":"2017-06-24T18:59:33","guid":{"rendered":"http:\/\/caririemacao.com\/1\/?p=22314"},"modified":"2017-06-24T15:59:33","modified_gmt":"2017-06-24T18:59:33","slug":"embriagado-ator-fabio-assuncao-e-preso-em-arcoverde-pe","status":"publish","type":"post","link":"https:\/\/www.caririemacao.com\/1\/2017\/06\/24\/embriagado-ator-fabio-assuncao-e-preso-em-arcoverde-pe\/","title":{"rendered":"Embriagado, ator F\u00e1bio Assun\u00e7\u00e3o \u00e9 preso em Arcoverde (PE)"},"content":{"rendered":"<p>O ator F\u00e1bio Assun\u00e7\u00e3o foi preso na manh\u00e3 deste s\u00e1bado (24), dia de S\u00e3o Jo\u00e3o, por desacato na cidade de Arcoverde, em Pernambuco.<\/p>\n<p>Em v\u00eddeos que circula nas redes sociais mostra F\u00e1bio Assun\u00e7\u00e3o completamente embriagado sendo preso e dentro de uma viatura da Policia Militar pernambucana demonstrando sinal de embriagu\u00eas. Ele n\u00e3o consegue nem sequer ficar de p\u00e9.<\/p>\n<p>No v\u00eddeo, o ator pede para falar com o sargento.<\/p>\n<p>\u201cEu quero olhar no olho dele\u201d e \u201ceu n\u00e3o sou criminoso\u201d, s\u00e3o algumas palavras de F\u00e1bio Assun\u00e7\u00e3o.<\/p>\n<p>F\u00e1bio Assun\u00e7\u00e3o participou em Pernambuco do lan\u00e7amento do document\u00e1rio \u2018Eu sonho para voc\u00ea ver\u2019, nesta sexta-feira (23), \u00a0na cidade de Arcoverde. A produ\u00e7\u00e3o, realizada em parceria com a cineasta Pally Siqueira, natural do munic\u00edpio, investiga do samba de coco no Sert\u00e3o do estado.<\/p>\n<p><strong>CARIRI EM A\u00c7\u00c3O<\/strong><\/p>\n<p>Mais PB\/Foto:Google<\/p>\n<p><strong>Leia mais not\u00edcias em\u00a0<\/strong><a href=\"http:\/\/www.caririemacao.com\/\"><strong>caririemacao.com<\/strong><\/a><strong>, siga nossa p\u00e1gina no\u00a0<\/strong><a href=\"https:\/\/www.facebook.com\/CaririEmAcao\/?ref=aymt_homepage_panel\"><strong>Facebook<\/strong><\/a><strong>\u00a0e\u00a0<a href=\"https:\/\/www.instagram.com\/cariri_em_acao\/?hl=pt-br\">Instagram<\/a>\u00a0veja nossas mat\u00e9rias e fotos. Voc\u00ea tamb\u00e9m pode enviar informa\u00e7\u00f5es \u00e0 Reda\u00e7\u00e3o do Portal Cariri em A\u00e7\u00e3o pelo WhatsApp (83) 9 9634.5791, (83) 9 9601-1162.<\/strong><\/p>\n","protected":false},"excerpt":{"rendered":"<p>O ator F\u00e1bio Assun\u00e7\u00e3o foi preso na manh\u00e3 deste s\u00e1bado (24), dia de S\u00e3o Jo\u00e3o, por desacato na cidade de Arcoverde, em Pernambuco. Em v\u00eddeos&hellip; <\/p>\n","protected":false},"author":2,"featured_media":22315,"comment_status":"closed","ping_status":"closed","sticky":false,"template":"","format":"standard","meta":{"sfsi_plus_gutenberg_text_before_share":"","sfsi_plus_gutenberg_show_text_before_share":"","sfsi_plus_gutenberg_icon_type":"","sfsi_plus_gutenberg_icon_alignemt":"","sfsi_plus_gutenburg_max_per_row":"","footnotes":""},"categories":[12],"tags":[],"class_list":["post-22314","post","type-post","status-publish","format-standard","has-post-thumbnail","hentry","category-policia"],"_links":{"self":[{"href":"https:\/\/www.caririemacao.com\/1\/wp-json\/wp\/v2\/posts\/22314","targetHints":{"allow":["GET"]}}],"collection":[{"href":"https:\/\/www.caririemacao.com\/1\/wp-json\/wp\/v2\/posts"}],"about":[{"href":"https:\/\/www.caririemacao.com\/1\/wp-json\/wp\/v2\/types\/post"}],"author":[{"embeddable":true,"href":"https:\/\/www.caririemacao.com\/1\/wp-json\/wp\/v2\/users\/2"}],"replies":[{"embeddable":true,"href":"https:\/\/www.caririemacao.com\/1\/wp-json\/wp\/v2\/comments?post=22314"}],"version-history":[{"count":0,"href":"https:\/\/www.caririemacao.com\/1\/wp-json\/wp\/v2\/posts\/22314\/revisions"}],"wp:featuredmedia":[{"embeddable":true,"href":"https:\/\/www.caririemacao.com\/1\/wp-json\/wp\/v2\/media\/22315"}],"wp:attachment":[{"href":"https:\/\/www.caririemacao.com\/1\/wp-json\/wp\/v2\/media?parent=22314"}],"wp:term":[{"taxonomy":"category","embeddable":true,"href":"https:\/\/www.caririemacao.com\/1\/wp-json\/wp\/v2\/categories?post=22314"},{"taxonomy":"post_tag","embeddable":true,"href":"https:\/\/www.caririemacao.com\/1\/wp-json\/wp\/v2\/tags?post=22314"}],"curies":[{"name":"wp","href":"https:\/\/api.w.org\/{rel}","templated":true}]}}