{"id":223142,"date":"2021-06-30T09:16:12","date_gmt":"2021-06-30T12:16:12","guid":{"rendered":"https:\/\/www.caririemacao.com\/1\/?p=223142"},"modified":"2021-06-30T09:16:15","modified_gmt":"2021-06-30T12:16:15","slug":"caraubas-camara-de-vereadores-aprova-tres-projetos-de-lei-enviados-pelo-prefeito-silvano-dudu","status":"publish","type":"post","link":"https:\/\/www.caririemacao.com\/1\/2021\/06\/30\/caraubas-camara-de-vereadores-aprova-tres-projetos-de-lei-enviados-pelo-prefeito-silvano-dudu\/","title":{"rendered":"CARA\u00daBAS: C\u00e2mara de Vereadores aprova tr\u00eas projetos de lei enviados pelo prefeito Silvano Dudu"},"content":{"rendered":"\n<p class=\"wp-block-paragraph\">A C\u00e2mara de Cara\u00fabas realizou nesta ter\u00e7a-feira (29) mais uma sess\u00e3o ordin\u00e1ria e na oportunidade foram aprovados 03 projetos de lei enviados pelo Poder Executivo.<\/p>\n\n\n\n<p class=\"wp-block-paragraph\">O primeiro projeto trata-se da abertura de cr\u00e9dito especial para investir em a\u00e7\u00f5es de enfrentamento e combate a COVID 19.<\/p>\n\n\n\n<p class=\"wp-block-paragraph\">J\u00e1 o segundo projeto enviado pelo prefeito, trata-se da restrutura\u00e7\u00e3o do Conselho Municipal de Desenvolvimento Rural Sustent\u00e1vel (CMDRS), um \u00f3rg\u00e3o consultivo, deliberativo e de assessoramento ao Poder Executivo Municipal com a finalidade, entre v\u00e1rias, de participar na elabora\u00e7\u00e3o das pol\u00edticas agr\u00edcolas e fundi\u00e1rias que fomentem a agropecu\u00e1ria, a agroind\u00fastria, a comercializa\u00e7\u00e3o, ao abastecimento urbano e rural, ao turismo rural e a conserva\u00e7\u00e3o do meio ambiente.<\/p>\n\n\n\n<p class=\"wp-block-paragraph\">A C\u00e2mara tamb\u00e9m aprovou o projeto de lei que disp\u00f5e sobre as diretrizes para a elabora\u00e7\u00e3o e execu\u00e7\u00e3o da lei or\u00e7ament\u00e1ria de 2022. Todos projetos enviados pelo prefeito Silvano foram aprovados por unanimidade pelos vereadores.<\/p>\n\n\n\n<p class=\"wp-block-paragraph\">Na mesma sess\u00e3o, tamb\u00e9m foi apresentado um requerimento para conhecimento dos vereadores de autoria do vereador Nero, solicitando que o Poder Executivo veja a possibilidade de enviar, ap\u00f3s estudo t\u00e9cnico, para aprecia\u00e7\u00e3o do Poder Legislativo, de um Projeto de Lei que estabele\u00e7a o Plano de cargos e carreiras e remunera\u00e7\u00f5es dos servidores profissionais de sa\u00fade do munic\u00edpio (PCCR). O requerimento ir\u00e1 para vota\u00e7\u00e3o na pr\u00f3xima sess\u00e3o.<\/p>\n\n\n\n<p class=\"wp-block-paragraph\">O presidente Tomaz Bezerra conversou com o Cariri Em A\u00e7\u00e3o sobre a produ\u00e7\u00e3o do legislativo neste ano de 2021: \u201c\u00c9 mais uma sess\u00e3o que se encerra, e com isso, apresentamos requerimentos e aprovamos projetos que trar\u00e3o benef\u00edcios ao povo caraubense,\u201d falou.<\/p>\n\n\n\n<p class=\"wp-block-paragraph\"><br>(Reda\u00e7\u00e3o do Cariri Em A\u00e7\u00e3o)<\/p>\n","protected":false},"excerpt":{"rendered":"<p>A C\u00e2mara de Cara\u00fabas realizou nesta ter\u00e7a-feira (29) mais uma sess\u00e3o ordin\u00e1ria e na oportunidade foram aprovados 03 projetos de lei enviados pelo Poder Executivo. O primeiro projeto trata-se da abertura de cr\u00e9dito especial para investir em a\u00e7\u00f5es de enfrentamento e combate a COVID 19. J\u00e1 o segundo projeto enviado pelo prefeito, trata-se da restrutura\u00e7\u00e3o do Conselho Municipal de Desenvolvimento Rural Sustent\u00e1vel (CMDRS), um \u00f3rg\u00e3o consultivo, deliberativo e de assessoramento ao Poder Executivo Municipal com a finalidade, entre v\u00e1rias, de participar na elabora\u00e7\u00e3o das pol\u00edticas agr\u00edcolas e fundi\u00e1rias que fomentem a agropecu\u00e1ria, a agroind\u00fastria, a comercializa\u00e7\u00e3o, ao abastecimento urbano e rural, ao turismo rural e a conserva\u00e7\u00e3o do meio ambiente. A C\u00e2mara tamb\u00e9m aprovou o projeto de lei que disp\u00f5e sobre as diretrizes para a elabora\u00e7\u00e3o e execu\u00e7\u00e3o da lei or\u00e7ament\u00e1ria de 2022. Todos projetos enviados pelo prefeito Silvano foram aprovados por unanimidade pelos vereadores. Na mesma sess\u00e3o, tamb\u00e9m foi apresentado um requerimento para conhecimento dos vereadores de autoria do vereador Nero, solicitando que o Poder Executivo veja a possibilidade de enviar, ap\u00f3s estudo t\u00e9cnico, para aprecia\u00e7\u00e3o do Poder Legislativo, de um Projeto de Lei que estabele\u00e7a o Plano de cargos e carreiras e remunera\u00e7\u00f5es dos servidores profissionais de sa\u00fade do munic\u00edpio (PCCR). O requerimento ir\u00e1 para vota\u00e7\u00e3o na pr\u00f3xima sess\u00e3o. O presidente Tomaz Bezerra conversou com o Cariri Em A\u00e7\u00e3o sobre a produ\u00e7\u00e3o do legislativo neste ano de 2021: \u201c\u00c9 mais uma sess\u00e3o que se encerra, e com isso, apresentamos requerimentos e aprovamos projetos que trar\u00e3o benef\u00edcios ao povo caraubense,\u201d falou. (Reda\u00e7\u00e3o do Cariri Em A\u00e7\u00e3o)<\/p>\n","protected":false},"author":6,"featured_media":223143,"comment_status":"closed","ping_status":"closed","sticky":false,"template":"","format":"standard","meta":{"sfsi_plus_gutenberg_text_before_share":"","sfsi_plus_gutenberg_show_text_before_share":"","sfsi_plus_gutenberg_icon_type":"","sfsi_plus_gutenberg_icon_alignemt":"","sfsi_plus_gutenburg_max_per_row":"","footnotes":""},"categories":[73],"tags":[],"class_list":["post-223142","post","type-post","status-publish","format-standard","has-post-thumbnail","hentry","category-caraubas"],"_links":{"self":[{"href":"https:\/\/www.caririemacao.com\/1\/wp-json\/wp\/v2\/posts\/223142","targetHints":{"allow":["GET"]}}],"collection":[{"href":"https:\/\/www.caririemacao.com\/1\/wp-json\/wp\/v2\/posts"}],"about":[{"href":"https:\/\/www.caririemacao.com\/1\/wp-json\/wp\/v2\/types\/post"}],"author":[{"embeddable":true,"href":"https:\/\/www.caririemacao.com\/1\/wp-json\/wp\/v2\/users\/6"}],"replies":[{"embeddable":true,"href":"https:\/\/www.caririemacao.com\/1\/wp-json\/wp\/v2\/comments?post=223142"}],"version-history":[{"count":1,"href":"https:\/\/www.caririemacao.com\/1\/wp-json\/wp\/v2\/posts\/223142\/revisions"}],"predecessor-version":[{"id":223144,"href":"https:\/\/www.caririemacao.com\/1\/wp-json\/wp\/v2\/posts\/223142\/revisions\/223144"}],"wp:featuredmedia":[{"embeddable":true,"href":"https:\/\/www.caririemacao.com\/1\/wp-json\/wp\/v2\/media\/223143"}],"wp:attachment":[{"href":"https:\/\/www.caririemacao.com\/1\/wp-json\/wp\/v2\/media?parent=223142"}],"wp:term":[{"taxonomy":"category","embeddable":true,"href":"https:\/\/www.caririemacao.com\/1\/wp-json\/wp\/v2\/categories?post=223142"},{"taxonomy":"post_tag","embeddable":true,"href":"https:\/\/www.caririemacao.com\/1\/wp-json\/wp\/v2\/tags?post=223142"}],"curies":[{"name":"wp","href":"https:\/\/api.w.org\/{rel}","templated":true}]}}