{"id":22317,"date":"2017-06-24T16:04:57","date_gmt":"2017-06-24T19:04:57","guid":{"rendered":"http:\/\/caririemacao.com\/1\/?p=22317"},"modified":"2017-06-24T16:04:57","modified_gmt":"2017-06-24T19:04:57","slug":"gilmar-mendes-sera-relator-de-um-dos-inqueritos-sobre-aecio-no-stf","status":"publish","type":"post","link":"https:\/\/www.caririemacao.com\/1\/2017\/06\/24\/gilmar-mendes-sera-relator-de-um-dos-inqueritos-sobre-aecio-no-stf\/","title":{"rendered":"Gilmar Mendes ser\u00e1 relator de um dos inqu\u00e9ritos sobre A\u00e9cio no STF"},"content":{"rendered":"<p>O ministro do Supremo Tribunal Federal Gilmar Mendes foi sorteado relator de um dos inqu\u00e9ritos que tramitam na Corte para investigar o senador afastado A\u00e9cio Neves (PSDB-MG). A redistribui\u00e7\u00e3o foi feita nessa sexta-feira (23) ap\u00f3s solicita\u00e7\u00e3o da Procuradoria-Geral da Rep\u00fablica (PGR). At\u00e9 ent\u00e3o, o respons\u00e1vel pelo inqu\u00e9rito era o ministro Edson Fachin, relator da Opera\u00e7\u00e3o Lava Jato no Supremo.<\/p>\n<p>A abertura da investiga\u00e7\u00e3o foi autorizada por Fachin em abril, atendendo a pedido da PGR com base nas dela\u00e7\u00f5es premiadas dos ex-executivos da construtora Odebrecht Marcelo Odebrecht, Benedicto Barbosa da Silva J\u00fanior, S\u00e9rgio Luiz Neves e Cl\u00e1udio Melo Filho.<\/p>\n<p>De acordo com o Minist\u00e9rio P\u00fablico, os delatores apontaram por \u201cmeio de declara\u00e7\u00e3o e prova documental\u201d que foram prometidas e efetuadas \u201cvantagens indevidas\u201d a A\u00e9cio e seus aliados durante a campanha \u00e0 Presid\u00eancia em 2014, quando o parlamentar terminou a disputa em segundo lugar. Segundo as investiga\u00e7\u00f5es, h\u00e1 ind\u00edcios de que A\u00e9cio Neves teria cometido os crimes de lavagem de dinheiro e corrup\u00e7\u00e3o ativa e passiva.<\/p>\n<p>Em maio, o senador foi afastado das fun\u00e7\u00f5es legislativas ap\u00f3s a divulga\u00e7\u00e3o da dela\u00e7\u00e3o premiada de executivos do grupo JBS. Nessa semana, o STF adiou o julgamento sobre a pris\u00e3o de A\u00e9cio e determinou a soltura da irm\u00e3 e do primo do senador afastado, investigados na mesma opera\u00e7\u00e3o.<\/p>\n<p><strong>CARIRI EM A\u00c7\u00c3O<\/strong><\/p>\n<p>Ag\u00eancia Brasil\/Foto: Google<\/p>\n<p><strong>Leia mais not\u00edcias em\u00a0<\/strong><a href=\"http:\/\/www.caririemacao.com\/\"><strong>caririemacao.com<\/strong><\/a><strong>, siga nossa p\u00e1gina no\u00a0<\/strong><a href=\"https:\/\/www.facebook.com\/CaririEmAcao\/?ref=aymt_homepage_panel\"><strong>Facebook<\/strong><\/a><strong>\u00a0e\u00a0<a href=\"https:\/\/www.instagram.com\/cariri_em_acao\/?hl=pt-br\">Instagram<\/a>\u00a0veja nossas mat\u00e9rias e fotos. Voc\u00ea tamb\u00e9m pode enviar informa\u00e7\u00f5es \u00e0 Reda\u00e7\u00e3o do Portal Cariri em A\u00e7\u00e3o pelo WhatsApp (83) 9 9634.5791, (83) 9 9601-1162.<\/strong><\/p>\n","protected":false},"excerpt":{"rendered":"<p>O ministro do Supremo Tribunal Federal Gilmar Mendes foi sorteado relator de um dos inqu\u00e9ritos que tramitam na Corte para investigar o senador afastado A\u00e9cio&hellip; <\/p>\n","protected":false},"author":2,"featured_media":9234,"comment_status":"closed","ping_status":"closed","sticky":false,"template":"","format":"standard","meta":{"sfsi_plus_gutenberg_text_before_share":"","sfsi_plus_gutenberg_show_text_before_share":"","sfsi_plus_gutenberg_icon_type":"","sfsi_plus_gutenberg_icon_alignemt":"","sfsi_plus_gutenburg_max_per_row":"","footnotes":""},"categories":[11],"tags":[],"class_list":["post-22317","post","type-post","status-publish","format-standard","has-post-thumbnail","hentry","category-politica"],"_links":{"self":[{"href":"https:\/\/www.caririemacao.com\/1\/wp-json\/wp\/v2\/posts\/22317","targetHints":{"allow":["GET"]}}],"collection":[{"href":"https:\/\/www.caririemacao.com\/1\/wp-json\/wp\/v2\/posts"}],"about":[{"href":"https:\/\/www.caririemacao.com\/1\/wp-json\/wp\/v2\/types\/post"}],"author":[{"embeddable":true,"href":"https:\/\/www.caririemacao.com\/1\/wp-json\/wp\/v2\/users\/2"}],"replies":[{"embeddable":true,"href":"https:\/\/www.caririemacao.com\/1\/wp-json\/wp\/v2\/comments?post=22317"}],"version-history":[{"count":0,"href":"https:\/\/www.caririemacao.com\/1\/wp-json\/wp\/v2\/posts\/22317\/revisions"}],"wp:featuredmedia":[{"embeddable":true,"href":"https:\/\/www.caririemacao.com\/1\/wp-json\/wp\/v2\/media\/9234"}],"wp:attachment":[{"href":"https:\/\/www.caririemacao.com\/1\/wp-json\/wp\/v2\/media?parent=22317"}],"wp:term":[{"taxonomy":"category","embeddable":true,"href":"https:\/\/www.caririemacao.com\/1\/wp-json\/wp\/v2\/categories?post=22317"},{"taxonomy":"post_tag","embeddable":true,"href":"https:\/\/www.caririemacao.com\/1\/wp-json\/wp\/v2\/tags?post=22317"}],"curies":[{"name":"wp","href":"https:\/\/api.w.org\/{rel}","templated":true}]}}