{"id":22319,"date":"2017-06-24T16:08:11","date_gmt":"2017-06-24T19:08:11","guid":{"rendered":"http:\/\/caririemacao.com\/1\/?p=22319"},"modified":"2017-06-24T16:08:11","modified_gmt":"2017-06-24T19:08:11","slug":"senador-arquiva-pedido-de-cassacao-de-aecio-neves","status":"publish","type":"post","link":"https:\/\/www.caririemacao.com\/1\/2017\/06\/24\/senador-arquiva-pedido-de-cassacao-de-aecio-neves\/","title":{"rendered":"Senador arquiva pedido de cassa\u00e7\u00e3o de A\u00e9cio Neves"},"content":{"rendered":"<p>O presidente do Conselho de \u00c9tica do Senado, \u00a0senador Jo\u00e3o Alberto Souza (PMDB-MA), decidiu arquivar o pedido de cassa\u00e7\u00e3o contra o senador afastado A\u00e9cio Neves (PSDB-MG) por quebra de decoro parlamentar. O pedido foi apresentado pelos partidos oposicionistas Rede e PSOL, depois que A\u00e9cio foi citado nas dela\u00e7\u00f5es premiadas de executivos do Grupo J&amp;F. Ligado ao grupo pol\u00edtico do ex-presidente Jos\u00e9 Sarney (PMDB), Jo\u00e3o Alberto alegou falta de provas ao negar a abertura do processo.<\/p>\n<p>De acordo com o senador, os membros do conselho t\u00eam at\u00e9 dois dias \u00fateis para recorrer de sua decis\u00e3o, contanto que o recurso re\u00fana pelo menos cinco membros do colegiado.<\/p>\n<p>O mineiro est\u00e1 afastado do mandato desde o dia 18 de maio, por ordem do ministro do Supremo Tribunal Federal (STF) Edson Fachin, relator do acordo dos executivos da empresa firmado com a Procuradoria-Geral da Rep\u00fablica.<\/p>\n<p>A\u00e9cio foi gravado pelo dono do Grupo J&amp;F, Joesley Batista, pedindo ao empres\u00e1rio 2 milh\u00f5es de reais para supostamente custear os honor\u00e1rios de seu advogado, Alberto Zacharias Toron, na Opera\u00e7\u00e3o Lava Jato. A Pol\u00edcia Federal filmou tr\u00eas entregas de 500.000 reais a Frederico Pacheco de Medeiros, primo de A\u00e9cio Neves encarregado por ele de recolher os valores combinados com o delator.<\/p>\n<p>O tucano foi denunciado pelo procurador-geral da Rep\u00fablica, Rodrigo Janot, pelos crimes de corrup\u00e7\u00e3o passiva e obstru\u00e7\u00e3o de Justi\u00e7a. Se a Primeira Turma do STF, \u00e0 qual pertence o relator do inqu\u00e9rito contra o tucano, ministro Marco Aur\u00e9lio Mello, aceitar a den\u00fancia da PGR, A\u00e9cio se tornar\u00e1 r\u00e9u e ser\u00e1 levado a julgamento. Al\u00e9m dele, foram denunciados Pacheco de Medeiros, a jornalista Andrea Neves e o ex-assessor do senador Zez\u00e9 Perrella (PMDB-MG) Mendherson Souza Lima.<\/p>\n<p>A Primeira Turma do Supremo ainda definir\u00e1 sobre a pris\u00e3o preventiva de A\u00e9cio pedida por Janot e tamb\u00e9m a respeito do recurso da defesa do senador afastado que pede seu retorno ao mandato parlamentar.<\/p>\n<p>Ontem, a pedido do procurador-geral, Marco Aur\u00e9lio autorizou a abertura de um segundo inqu\u00e9rito contra A\u00e9cio Neves, em que ele ser\u00e1 investigado por lavagem de dinheiro no recebimento de dinheiro da JBS por meio de notas frias.<br \/>\n<a href=\"http:\/\/veja.abril.com.br\/brasil\/senador-arquiva-pedido-de-cassacao-de-aecio-neves\/?utm_source=whatsapp&amp;utm_medium=social&amp;utm_campaign=barra-compartilhamento\" target=\"_blank\" rel=\"noopener\"><br \/>\n<\/a><strong>CARIRI EM A\u00c7\u00c3O<\/strong><\/p>\n<p>Veja\/Foto: Google<\/p>\n<p><strong>Leia mais not\u00edcias em\u00a0<\/strong><a href=\"http:\/\/www.caririemacao.com\/\"><strong>caririemacao.com<\/strong><\/a><strong>, siga nossa p\u00e1gina no\u00a0<\/strong><a href=\"https:\/\/www.facebook.com\/CaririEmAcao\/?ref=aymt_homepage_panel\"><strong>Facebook<\/strong><\/a><strong>\u00a0e\u00a0<a href=\"https:\/\/www.instagram.com\/cariri_em_acao\/?hl=pt-br\">Instagram<\/a>\u00a0veja nossas mat\u00e9rias e fotos. Voc\u00ea tamb\u00e9m pode enviar informa\u00e7\u00f5es \u00e0 Reda\u00e7\u00e3o do Portal Cariri em A\u00e7\u00e3o pelo WhatsApp (83) 9 9634.5791, (83) 9 9601-1162.<\/strong><\/p>\n","protected":false},"excerpt":{"rendered":"<p>O presidente do Conselho de \u00c9tica do Senado, \u00a0senador Jo\u00e3o Alberto Souza (PMDB-MA), decidiu arquivar o pedido de cassa\u00e7\u00e3o contra o senador afastado A\u00e9cio Neves&hellip; <\/p>\n","protected":false},"author":2,"featured_media":22320,"comment_status":"closed","ping_status":"closed","sticky":false,"template":"","format":"standard","meta":{"sfsi_plus_gutenberg_text_before_share":"","sfsi_plus_gutenberg_show_text_before_share":"","sfsi_plus_gutenberg_icon_type":"","sfsi_plus_gutenberg_icon_alignemt":"","sfsi_plus_gutenburg_max_per_row":"","footnotes":""},"categories":[11],"tags":[],"class_list":["post-22319","post","type-post","status-publish","format-standard","has-post-thumbnail","hentry","category-politica"],"_links":{"self":[{"href":"https:\/\/www.caririemacao.com\/1\/wp-json\/wp\/v2\/posts\/22319","targetHints":{"allow":["GET"]}}],"collection":[{"href":"https:\/\/www.caririemacao.com\/1\/wp-json\/wp\/v2\/posts"}],"about":[{"href":"https:\/\/www.caririemacao.com\/1\/wp-json\/wp\/v2\/types\/post"}],"author":[{"embeddable":true,"href":"https:\/\/www.caririemacao.com\/1\/wp-json\/wp\/v2\/users\/2"}],"replies":[{"embeddable":true,"href":"https:\/\/www.caririemacao.com\/1\/wp-json\/wp\/v2\/comments?post=22319"}],"version-history":[{"count":0,"href":"https:\/\/www.caririemacao.com\/1\/wp-json\/wp\/v2\/posts\/22319\/revisions"}],"wp:featuredmedia":[{"embeddable":true,"href":"https:\/\/www.caririemacao.com\/1\/wp-json\/wp\/v2\/media\/22320"}],"wp:attachment":[{"href":"https:\/\/www.caririemacao.com\/1\/wp-json\/wp\/v2\/media?parent=22319"}],"wp:term":[{"taxonomy":"category","embeddable":true,"href":"https:\/\/www.caririemacao.com\/1\/wp-json\/wp\/v2\/categories?post=22319"},{"taxonomy":"post_tag","embeddable":true,"href":"https:\/\/www.caririemacao.com\/1\/wp-json\/wp\/v2\/tags?post=22319"}],"curies":[{"name":"wp","href":"https:\/\/api.w.org\/{rel}","templated":true}]}}