{"id":22322,"date":"2017-06-24T16:20:33","date_gmt":"2017-06-24T19:20:33","guid":{"rendered":"http:\/\/caririemacao.com\/1\/?p=22322"},"modified":"2017-06-24T16:20:33","modified_gmt":"2017-06-24T19:20:33","slug":"cascavel-gente-boa-e-forro-da-gente-se-apresentam-hoje-em-sume","status":"publish","type":"post","link":"https:\/\/www.caririemacao.com\/1\/2017\/06\/24\/cascavel-gente-boa-e-forro-da-gente-se-apresentam-hoje-em-sume\/","title":{"rendered":"Cascavel, Gente Boa e Forr\u00f3 da Gente se apresentam hoje em Sum\u00e9"},"content":{"rendered":"<div class=\"contentPost\">\n<p>As bandas Cascavel, Gente Boa e Forr\u00f3 da Gente ser\u00e3o as respons\u00e1veis por animar o p\u00fablico em Sum\u00e9 neste dia de S\u00e3o Jo\u00e3o, 24 de junho. Os shows acontecem em pra\u00e7a p\u00fablica.<\/p>\n<p>Al\u00e9m dos shows do palco principal, os visitantes poder\u00e3o comemorar o S\u00e3o Jo\u00e3o no Arrai\u00e1 Z\u00e9 Marcolino, localizado ao lado da Pra\u00e7a Jos\u00e9 Am\u00e9rico, que contar\u00e1 com as atra\u00e7\u00f5es Edvaldo e J\u00fanior Moto T\u00e1xi.<\/p>\n<p>Os shows do palco principal ser\u00e3o encerrados neste s\u00e1bado (25), por\u00e9m, o Arra\u00eda Z\u00e9 Marcolino estar\u00e1 aberto ao p\u00fablico at\u00e9 o dia 2 de julho com apresenta\u00e7\u00f5es de trios de forr\u00f3 p\u00e9-de-serra e barracas.<\/p>\n<p><strong>CARIRI EM A\u00c7\u00c3O<\/strong><\/p>\n<p>Ascom\/Foto: Cariri em A\u00e7\u00e3o<\/p>\n<p><strong>Leia mais not\u00edcias em\u00a0<\/strong><a href=\"http:\/\/www.caririemacao.com\/\"><strong>caririemacao.com<\/strong><\/a><strong>, siga nossa p\u00e1gina no\u00a0<\/strong><a href=\"https:\/\/www.facebook.com\/CaririEmAcao\/?ref=aymt_homepage_panel\"><strong>Facebook<\/strong><\/a><strong>\u00a0e\u00a0<a href=\"https:\/\/www.instagram.com\/cariri_em_acao\/?hl=pt-br\">Instagram<\/a>\u00a0veja nossas mat\u00e9rias e fotos. Voc\u00ea tamb\u00e9m pode enviar informa\u00e7\u00f5es \u00e0 Reda\u00e7\u00e3o do Portal Cariri em A\u00e7\u00e3o pelo WhatsApp (83) 9 9634.5791, (83) 9 9601-1162.<\/strong><\/p>\n<\/div>\n","protected":false},"excerpt":{"rendered":"<p>As bandas Cascavel, Gente Boa e Forr\u00f3 da Gente ser\u00e3o as respons\u00e1veis por animar o p\u00fablico em Sum\u00e9 neste dia de S\u00e3o Jo\u00e3o, 24 de&hellip; <\/p>\n","protected":false},"author":2,"featured_media":22323,"comment_status":"closed","ping_status":"closed","sticky":false,"template":"","format":"standard","meta":{"sfsi_plus_gutenberg_text_before_share":"","sfsi_plus_gutenberg_show_text_before_share":"","sfsi_plus_gutenberg_icon_type":"","sfsi_plus_gutenberg_icon_alignemt":"","sfsi_plus_gutenburg_max_per_row":"","footnotes":""},"categories":[2],"tags":[],"class_list":["post-22322","post","type-post","status-publish","format-standard","has-post-thumbnail","hentry","category-geral"],"_links":{"self":[{"href":"https:\/\/www.caririemacao.com\/1\/wp-json\/wp\/v2\/posts\/22322","targetHints":{"allow":["GET"]}}],"collection":[{"href":"https:\/\/www.caririemacao.com\/1\/wp-json\/wp\/v2\/posts"}],"about":[{"href":"https:\/\/www.caririemacao.com\/1\/wp-json\/wp\/v2\/types\/post"}],"author":[{"embeddable":true,"href":"https:\/\/www.caririemacao.com\/1\/wp-json\/wp\/v2\/users\/2"}],"replies":[{"embeddable":true,"href":"https:\/\/www.caririemacao.com\/1\/wp-json\/wp\/v2\/comments?post=22322"}],"version-history":[{"count":0,"href":"https:\/\/www.caririemacao.com\/1\/wp-json\/wp\/v2\/posts\/22322\/revisions"}],"wp:featuredmedia":[{"embeddable":true,"href":"https:\/\/www.caririemacao.com\/1\/wp-json\/wp\/v2\/media\/22323"}],"wp:attachment":[{"href":"https:\/\/www.caririemacao.com\/1\/wp-json\/wp\/v2\/media?parent=22322"}],"wp:term":[{"taxonomy":"category","embeddable":true,"href":"https:\/\/www.caririemacao.com\/1\/wp-json\/wp\/v2\/categories?post=22322"},{"taxonomy":"post_tag","embeddable":true,"href":"https:\/\/www.caririemacao.com\/1\/wp-json\/wp\/v2\/tags?post=22322"}],"curies":[{"name":"wp","href":"https:\/\/api.w.org\/{rel}","templated":true}]}}