{"id":223235,"date":"2021-07-01T06:55:32","date_gmt":"2021-07-01T09:55:32","guid":{"rendered":"https:\/\/www.caririemacao.com\/1\/?p=223235"},"modified":"2021-07-01T06:55:41","modified_gmt":"2021-07-01T09:55:41","slug":"cpi-da-covid-quebra-sigilo-bancario-de-pazuello-e-de-diretor-citado-em-denuncia-de-propina","status":"publish","type":"post","link":"https:\/\/www.caririemacao.com\/1\/2021\/07\/01\/cpi-da-covid-quebra-sigilo-bancario-de-pazuello-e-de-diretor-citado-em-denuncia-de-propina\/","title":{"rendered":"CPI da Covid quebra sigilo banc\u00e1rio de Pazuello e de diretor citado em den\u00fancia de propina"},"content":{"rendered":"\n<p class=\"wp-block-paragraph\">A CPI da Covid aprovou nesta quarta-feira (30) a quebra do sigilo banc\u00e1rio do ex-ministro da Sa\u00fade Eduardo Pazuello e do agora ex-diretor de Log\u00edstica do Minist\u00e9rio da Sa\u00fade Roberto Dias.<\/p>\n\n\n\n<p class=\"wp-block-paragraph\">Roberto Dias tamb\u00e9m teve quebrado o sigilo telem\u00e1tico e telef\u00f4nico. No caso de Pazuello, as quebras j\u00e1 estavam aprovadas pela comiss\u00e3o, mas agora avan\u00e7ou para a transfer\u00eancia dos dados fiscais e banc\u00e1rios do ex-ministro.<\/p>\n\n\n\n<p class=\"wp-block-paragraph\">A transfer\u00eancia dos sigilos dos dados foi aprovada em meio a den\u00fancias de irregularidades, cobran\u00e7a de propina e press\u00f5es envolvendo a aquisi\u00e7\u00e3o de vacinas contra a Covid-19.<\/p>\n\n\n\n<p class=\"wp-block-paragraph\">Apontado como um dos que pressionaram pela libera\u00e7\u00e3o da vacina indiana Covaxin, Roberto Dias foi exonerado na noite desta ter\u00e7a-feira (29), ap\u00f3s o jornal &#8220;Folha de S. Paulo&#8221; publicar entrevista com o representante da Davati Medical Supply no Brasil, Luiz Paulo Dominguetti.<\/p>\n\n\n\n<p class=\"wp-block-paragraph\">Ao jornal, o empres\u00e1rio disse que o diretor da Sa\u00fade pediu propina de US$ 1 por dose da vacina AstraZeneca para a empresa assinar contrato com o minist\u00e9rio.<\/p>\n\n\n\n<p class=\"wp-block-paragraph\">Tamb\u00e9m foram quebrados sigilos de empres\u00e1rios, assessores do governo e representantes do chamado \u201cgabinete do \u00f3dio\u201d, um dos objetos de apura\u00e7\u00e3o da CPI. O blogueiro Allan dos Santos tamb\u00e9m foi um dos atingidos.<\/p>\n\n\n\n<p class=\"wp-block-paragraph\">A CPI aprovou ainda novos requerimentos de convoca\u00e7\u00e3o de autoridades para prestar depoimento.&nbsp;<\/p>\n\n\n\n<p class=\"wp-block-paragraph\"><strong>Sigilos quebrados<\/strong><\/p>\n\n\n\n<p class=\"wp-block-paragraph\">A CPI aprovou requerimentos com diferentes alcances sobre a transfer\u00eancia dos sigilos. Confira lista abaixo.<\/p>\n\n\n\n<p class=\"wp-block-paragraph\"><strong>Tiveram aprovadas as quebras de sigilo banc\u00e1rio, fiscal, telef\u00f4nico e telem\u00e1tico<\/strong>:<\/p>\n\n\n\n<ul class=\"wp-block-list\"><li>Eduardo Pazuello, ex-ministro da Sa\u00fade<\/li><li>George da Silva Diverio, ex-superintendente do Minist\u00e9rio da Sa\u00fade no Rio de Janeiro<\/li><li>Marcelo Batista Costa, coordenador-geral substituto de aquisi\u00e7\u00f5es do Minist\u00e9rio da Sa\u00fade<\/li><li>Roberto Ferreira Dias, ex-diretor do Minist\u00e9rio da Sa\u00fade<\/li><li>Empresas Cefa-3 e Lled Solu\u00e7\u00f5es<\/li><li>Celso Fernandes de Mattos, s\u00f3cio das empresas Cefa-3 e Lled Solu\u00e7\u00f5es<\/li><li>F\u00e1bio Rezende Tonassi, s\u00f3cio das empresas Cefa-3 e Lled Solu\u00e7\u00f5es<\/li><li>Leneir dos Santos Oliveira, s\u00f3cio da S P Servi\u00e7os e Loca\u00e7\u00e3o<\/li><li>Jean dos Santos Oliveira, s\u00f3cio-administrador da S P Servi\u00e7os e Loca\u00e7\u00e3o<\/li><\/ul>\n\n\n\n<p class=\"wp-block-paragraph\"><strong>Tiveram os sigilos telef\u00f4nico e telem\u00e1tico quebrados<\/strong>:<\/p>\n\n\n\n<ul class=\"wp-block-list\"><li>Marcos Eraldo Arnaud, o \u201cMarkinhos Show\u201d, publicit\u00e1rio ligado a Pazuello<\/li><li>Emanuela Medrades, diretora da Precisa Medicamentos<\/li><li>Carlos Eduardo Guimar\u00e3es, assessor pr\u00f3ximo \u00e0 fam\u00edlia Bolsonaro<\/li><li>Mateus de Carvalho Sposito, assessor no Minist\u00e9rio das Comunica\u00e7\u00f5es<\/li><li>Mateus Matos Diniz, assessor no Minist\u00e9rio das Comunica\u00e7\u00f5es<\/li><li>Jos\u00e9 Matheus Sales Gomes, assessor da Presid\u00eancia<\/li><li>Tercio Arnaud Tomaz, assessor da Presid\u00eancia<\/li><li>L\u00edgia Nara Arnaud Tomaz, parente de Tercio<\/li><li>Allan dos Santos, blogueiro<\/li><\/ul>\n\n\n\n<p class=\"wp-block-paragraph\"><strong>Teve o sigilo banc\u00e1rio e fiscal quebrado<\/strong>:<\/p>\n\n\n\n<ul class=\"wp-block-list\"><li>A empresa S P Servi\u00e7os e Loca\u00e7\u00e3o<\/li><\/ul>\n\n\n\n<p class=\"wp-block-paragraph\">g1<\/p>\n","protected":false},"excerpt":{"rendered":"<p>A CPI da Covid aprovou nesta quarta-feira (30) a quebra do sigilo banc\u00e1rio do ex-ministro da Sa\u00fade Eduardo Pazuello e do agora ex-diretor de Log\u00edstica do Minist\u00e9rio da Sa\u00fade Roberto Dias. Roberto Dias tamb\u00e9m teve quebrado o sigilo telem\u00e1tico e telef\u00f4nico. No caso de Pazuello, as quebras j\u00e1 estavam aprovadas pela comiss\u00e3o, mas agora avan\u00e7ou para a transfer\u00eancia dos dados fiscais e banc\u00e1rios do ex-ministro. A transfer\u00eancia dos sigilos dos dados foi aprovada em meio a den\u00fancias de irregularidades, cobran\u00e7a de propina e press\u00f5es envolvendo a aquisi\u00e7\u00e3o de vacinas contra a Covid-19. Apontado como um dos que pressionaram pela libera\u00e7\u00e3o da vacina indiana Covaxin, Roberto Dias foi exonerado na noite desta ter\u00e7a-feira (29), ap\u00f3s o jornal &#8220;Folha de S. Paulo&#8221; publicar entrevista com o representante da Davati Medical Supply no Brasil, Luiz Paulo Dominguetti. Ao jornal, o empres\u00e1rio disse que o diretor da Sa\u00fade pediu propina de US$ 1 por dose da vacina AstraZeneca para a empresa assinar contrato com o minist\u00e9rio. Tamb\u00e9m foram quebrados sigilos de empres\u00e1rios, assessores do governo e representantes do chamado \u201cgabinete do \u00f3dio\u201d, um dos objetos de apura\u00e7\u00e3o da CPI. O blogueiro Allan dos Santos tamb\u00e9m foi um dos atingidos. A CPI aprovou ainda novos requerimentos de convoca\u00e7\u00e3o de autoridades para prestar depoimento.&nbsp; Sigilos quebrados A CPI aprovou requerimentos com diferentes alcances sobre a transfer\u00eancia dos sigilos. Confira lista abaixo. Tiveram aprovadas as quebras de sigilo banc\u00e1rio, fiscal, telef\u00f4nico e telem\u00e1tico: Eduardo Pazuello, ex-ministro da Sa\u00fade George da Silva Diverio, ex-superintendente do Minist\u00e9rio da Sa\u00fade no Rio de Janeiro Marcelo Batista Costa, coordenador-geral substituto de aquisi\u00e7\u00f5es do Minist\u00e9rio da Sa\u00fade Roberto Ferreira Dias, ex-diretor do Minist\u00e9rio da Sa\u00fade Empresas Cefa-3 e Lled Solu\u00e7\u00f5es Celso Fernandes de Mattos, s\u00f3cio das empresas Cefa-3 e Lled Solu\u00e7\u00f5es F\u00e1bio Rezende Tonassi, s\u00f3cio das empresas Cefa-3 e Lled Solu\u00e7\u00f5es Leneir dos Santos Oliveira, s\u00f3cio da S P Servi\u00e7os e Loca\u00e7\u00e3o Jean dos Santos Oliveira, s\u00f3cio-administrador da S P Servi\u00e7os e Loca\u00e7\u00e3o Tiveram os sigilos telef\u00f4nico e telem\u00e1tico quebrados: Marcos Eraldo Arnaud, o \u201cMarkinhos Show\u201d, publicit\u00e1rio ligado a Pazuello Emanuela Medrades, diretora da Precisa Medicamentos Carlos Eduardo Guimar\u00e3es, assessor pr\u00f3ximo \u00e0 fam\u00edlia Bolsonaro Mateus de Carvalho Sposito, assessor no Minist\u00e9rio das Comunica\u00e7\u00f5es Mateus Matos Diniz, assessor no Minist\u00e9rio das Comunica\u00e7\u00f5es Jos\u00e9 Matheus Sales Gomes, assessor da Presid\u00eancia Tercio Arnaud Tomaz, assessor da Presid\u00eancia L\u00edgia Nara Arnaud Tomaz, parente de Tercio Allan dos Santos, blogueiro Teve o sigilo banc\u00e1rio e fiscal quebrado: A empresa S P Servi\u00e7os e Loca\u00e7\u00e3o g1<\/p>\n","protected":false},"author":6,"featured_media":223236,"comment_status":"closed","ping_status":"closed","sticky":false,"template":"","format":"standard","meta":{"sfsi_plus_gutenberg_text_before_share":"","sfsi_plus_gutenberg_show_text_before_share":"","sfsi_plus_gutenberg_icon_type":"","sfsi_plus_gutenberg_icon_alignemt":"","sfsi_plus_gutenburg_max_per_row":"","footnotes":""},"categories":[50],"tags":[],"class_list":["post-223235","post","type-post","status-publish","format-standard","has-post-thumbnail","hentry","category-destaque"],"_links":{"self":[{"href":"https:\/\/www.caririemacao.com\/1\/wp-json\/wp\/v2\/posts\/223235","targetHints":{"allow":["GET"]}}],"collection":[{"href":"https:\/\/www.caririemacao.com\/1\/wp-json\/wp\/v2\/posts"}],"about":[{"href":"https:\/\/www.caririemacao.com\/1\/wp-json\/wp\/v2\/types\/post"}],"author":[{"embeddable":true,"href":"https:\/\/www.caririemacao.com\/1\/wp-json\/wp\/v2\/users\/6"}],"replies":[{"embeddable":true,"href":"https:\/\/www.caririemacao.com\/1\/wp-json\/wp\/v2\/comments?post=223235"}],"version-history":[{"count":1,"href":"https:\/\/www.caririemacao.com\/1\/wp-json\/wp\/v2\/posts\/223235\/revisions"}],"predecessor-version":[{"id":223237,"href":"https:\/\/www.caririemacao.com\/1\/wp-json\/wp\/v2\/posts\/223235\/revisions\/223237"}],"wp:featuredmedia":[{"embeddable":true,"href":"https:\/\/www.caririemacao.com\/1\/wp-json\/wp\/v2\/media\/223236"}],"wp:attachment":[{"href":"https:\/\/www.caririemacao.com\/1\/wp-json\/wp\/v2\/media?parent=223235"}],"wp:term":[{"taxonomy":"category","embeddable":true,"href":"https:\/\/www.caririemacao.com\/1\/wp-json\/wp\/v2\/categories?post=223235"},{"taxonomy":"post_tag","embeddable":true,"href":"https:\/\/www.caririemacao.com\/1\/wp-json\/wp\/v2\/tags?post=223235"}],"curies":[{"name":"wp","href":"https:\/\/api.w.org\/{rel}","templated":true}]}}